{"id":1468,"date":"2018-07-05T20:54:13","date_gmt":"2018-07-05T20:54:13","guid":{"rendered":"https:\/\/www.amatin.ch\/neu-freie-wahl-des-firmennamens-auch-fuer-kig-kollektiv-gesellschaften\/"},"modified":"2020-11-27T15:35:44","modified_gmt":"2020-11-27T15:35:44","slug":"neu-freie-wahl-des-firmennamens-auch-fuer-kig-kollektiv-gesellschaften","status":"publish","type":"post","link":"https:\/\/www.amatin.ch\/en\/news\/neu-freie-wahl-des-firmennamens-auch-fuer-kig-kollektiv-gesellschaften\/","title":{"rendered":"New: Free choice of the company name also for collective companies"},"content":{"rendered":"\n<p>Das Firmenrecht regelt die Namensgebung einer Firma. Seit dem 1. Juli 2016 k\u00f6nnen auch Personengesellschaften ihren Firmennamen frei w\u00e4hlen, wie dies bei der AG und GmbH bereits der Fall war. Jedoch ist zwingend die jeweilige Rechtsform anzugeben. Deshalb wurden f\u00fcr die Kollektivgesellschaft &#8220;KlG&#8221; und f\u00fcr die Kommanditgesellschaft &#8220;KmG&#8221; als Abk\u00fcrzungen eingef\u00fchrt.<\/p>\n\n\n\n<p>Diese \u00c4nderungen erleichtern insbesondere die Unternehmensnachfolge, weil der Unternehmensname bei einem Personenwechsel nicht mehr ge\u00e4ndert werden muss. Damit bleibt der \u00fcber die Jahre hinweg aufgebaute Wert einer Firma erhalten. Bei einer Umwandlung in eine andere Rechtsform ist zudem nur noch der Zusatz wie z.B. GmbH, AG oder KlG anzupassen.<\/p>\n\n\n\n<p>Der Schutz des Firmennamens gilt neu auch f\u00fcr alle Gesellschaften schweizweit. Vor der Revision war der Firmenschutz bei Personengesellschaften auf denselben Ort beschr\u00e4nkt (z.B. konnte sich die Firma Meier + M\u00fcller aus Basel nicht gegen die Firma Meier + M\u00fcller aus Z\u00fcrich wehren). Bei der AG oder GmbH galt der landesweite Schutz bereits vor der Revision.<\/p>\n\n\n\n<p>\u00dcbrigens haben die vor der Revision erforderlichen Zus\u00e4tze, die das Gesellschaftsverh\u00e4ltnis andeuten (z.B. &#8220;&amp; Co.&#8221; oder &#8220;und Partner&#8221;) nicht zu verschwinden. Sie k\u00f6nnen nach wie vor verwendet werden, ersetzen jedoch nicht die zwingend erforderliche Angabe der Rechtsform (z.B. m\u00f6glich w\u00e4re Meier und Partner KlG).<\/p>\n\n\n\n<p>Was bedeutet dies nun zum Beispiel f\u00fcr bereits im Handelsregister eingetragene Kollektiv- oder Kommanditgesellschaften? Kl\u00e4ren Sie allf\u00e4llige Fragen, um Ihren Unternehmensnamen (weiterhin) optimal zu sch\u00fctzen!<\/p>\n","protected":false},"excerpt":{"rendered":"<p>Das Firmenrecht regelt die Namensgebung einer Firma. Seit dem 1. Juli 2016 k\u00f6nnen auch Personengesellschaften ihren Firmennamen frei w\u00e4hlen, wie dies bei der AG und GmbH bereits der Fall war. Jedoch ist zwingend die jeweilige Rechtsform anzugeben. Deshalb wurden f\u00fcr die Kollektivgesellschaft &#8220;KlG&#8221; und f\u00fcr die Kommanditgesellschaft &#8220;KmG&#8221; als Abk\u00fcrzungen eingef\u00fchrt. Diese \u00c4nderungen erleichtern insbesondere [&hellip;]<\/p>\n","protected":false},"author":1,"featured_media":1073,"comment_status":"open","ping_status":"open","sticky":false,"template":"","format":"standard","meta":{"_acf_changed":false,"footnotes":""},"categories":[382,8],"tags":[59,90,105],"class_list":["post-1468","post","type-post","status-publish","format-standard","has-post-thumbnail","","category-corporate-company-law-en","category-sme","tag-firmenrecht","tag-nachfolgeregelung","tag-unternehmensnachfolge"],"acf":[],"yoast_head":"<!-- This site is optimized with the Yoast SEO plugin v27.5 - https:\/\/yoast.com\/product\/yoast-seo-wordpress\/ -->\n<title>New: Free choice of the company name also for collective companies - AMATIN<\/title>\n<meta name=\"robots\" content=\"index, follow, max-snippet:-1, max-image-preview:large, max-video-preview:-1\" \/>\n<link rel=\"canonical\" href=\"https:\/\/www.amatin.ch\/en\/news\/neu-freie-wahl-des-firmennamens-auch-fuer-kig-kollektiv-gesellschaften\/\" \/>\n<meta property=\"og:locale\" content=\"en_US\" \/>\n<meta property=\"og:type\" content=\"article\" \/>\n<meta property=\"og:title\" content=\"New: Free choice of the company name also for collective companies - AMATIN\" \/>\n<meta property=\"og:description\" content=\"Das Firmenrecht regelt die Namensgebung einer Firma. Seit dem 1. Juli 2016 k\u00f6nnen auch Personengesellschaften ihren Firmennamen frei w\u00e4hlen, wie dies bei der AG und GmbH bereits der Fall war. Jedoch ist zwingend die jeweilige Rechtsform anzugeben. Deshalb wurden f\u00fcr die Kollektivgesellschaft &#8220;KlG&#8221; und f\u00fcr die Kommanditgesellschaft &#8220;KmG&#8221; als Abk\u00fcrzungen eingef\u00fchrt. Diese \u00c4nderungen erleichtern insbesondere [&hellip;]\" \/>\n<meta property=\"og:url\" content=\"https:\/\/www.amatin.ch\/en\/news\/neu-freie-wahl-des-firmennamens-auch-fuer-kig-kollektiv-gesellschaften\/\" \/>\n<meta property=\"og:site_name\" content=\"AMATIN\" \/>\n<meta property=\"article:published_time\" content=\"2018-07-05T20:54:13+00:00\" \/>\n<meta property=\"article:modified_time\" content=\"2020-11-27T15:35:44+00:00\" \/>\n<meta property=\"og:image\" content=\"https:\/\/www.amatin.ch\/wp-content\/uploads\/2020\/10\/Firmenname._Kollektivgesellschaft.jpg\" \/>\n\t<meta property=\"og:image:width\" content=\"1350\" \/>\n\t<meta property=\"og:image:height\" content=\"900\" \/>\n\t<meta property=\"og:image:type\" content=\"image\/jpeg\" \/>\n<meta name=\"author\" content=\"admin\" \/>\n<meta name=\"twitter:card\" content=\"summary_large_image\" \/>\n<script type=\"application\/ld+json\" class=\"yoast-schema-graph\">{\"@context\":\"https:\\\/\\\/schema.org\",\"@graph\":[{\"@type\":\"Article\",\"@id\":\"https:\\\/\\\/www.amatin.ch\\\/en\\\/news\\\/neu-freie-wahl-des-firmennamens-auch-fuer-kig-kollektiv-gesellschaften\\\/#article\",\"isPartOf\":{\"@id\":\"https:\\\/\\\/www.amatin.ch\\\/en\\\/news\\\/neu-freie-wahl-des-firmennamens-auch-fuer-kig-kollektiv-gesellschaften\\\/\"},\"author\":{\"name\":\"admin\",\"@id\":\"https:\\\/\\\/www.amatin.ch\\\/en\\\/#\\\/schema\\\/person\\\/e88fe9de1a844087a078278c638efb74\"},\"headline\":\"New: Free choice of the company name also for collective companies\",\"datePublished\":\"2018-07-05T20:54:13+00:00\",\"dateModified\":\"2020-11-27T15:35:44+00:00\",\"mainEntityOfPage\":{\"@id\":\"https:\\\/\\\/www.amatin.ch\\\/en\\\/news\\\/neu-freie-wahl-des-firmennamens-auch-fuer-kig-kollektiv-gesellschaften\\\/\"},\"wordCount\":257,\"commentCount\":0,\"image\":{\"@id\":\"https:\\\/\\\/www.amatin.ch\\\/en\\\/news\\\/neu-freie-wahl-des-firmennamens-auch-fuer-kig-kollektiv-gesellschaften\\\/#primaryimage\"},\"thumbnailUrl\":\"https:\\\/\\\/www.amatin.ch\\\/wp-content\\\/uploads\\\/2020\\\/10\\\/Firmenname._Kollektivgesellschaft.jpg\",\"keywords\":[\"Firmenrecht\",\"Nachfolgeregelung\",\"Unternehmensnachfolge\"],\"articleSection\":[\"Corporate, Company Law\",\"SME\"],\"inLanguage\":\"en-US\",\"potentialAction\":[{\"@type\":\"CommentAction\",\"name\":\"Comment\",\"target\":[\"https:\\\/\\\/www.amatin.ch\\\/en\\\/news\\\/neu-freie-wahl-des-firmennamens-auch-fuer-kig-kollektiv-gesellschaften\\\/#respond\"]}]},{\"@type\":\"WebPage\",\"@id\":\"https:\\\/\\\/www.amatin.ch\\\/en\\\/news\\\/neu-freie-wahl-des-firmennamens-auch-fuer-kig-kollektiv-gesellschaften\\\/\",\"url\":\"https:\\\/\\\/www.amatin.ch\\\/en\\\/news\\\/neu-freie-wahl-des-firmennamens-auch-fuer-kig-kollektiv-gesellschaften\\\/\",\"name\":\"New: Free choice of the company name also for collective companies - AMATIN\",\"isPartOf\":{\"@id\":\"https:\\\/\\\/www.amatin.ch\\\/en\\\/#website\"},\"primaryImageOfPage\":{\"@id\":\"https:\\\/\\\/www.amatin.ch\\\/en\\\/news\\\/neu-freie-wahl-des-firmennamens-auch-fuer-kig-kollektiv-gesellschaften\\\/#primaryimage\"},\"image\":{\"@id\":\"https:\\\/\\\/www.amatin.ch\\\/en\\\/news\\\/neu-freie-wahl-des-firmennamens-auch-fuer-kig-kollektiv-gesellschaften\\\/#primaryimage\"},\"thumbnailUrl\":\"https:\\\/\\\/www.amatin.ch\\\/wp-content\\\/uploads\\\/2020\\\/10\\\/Firmenname._Kollektivgesellschaft.jpg\",\"datePublished\":\"2018-07-05T20:54:13+00:00\",\"dateModified\":\"2020-11-27T15:35:44+00:00\",\"author\":{\"@id\":\"https:\\\/\\\/www.amatin.ch\\\/en\\\/#\\\/schema\\\/person\\\/e88fe9de1a844087a078278c638efb74\"},\"breadcrumb\":{\"@id\":\"https:\\\/\\\/www.amatin.ch\\\/en\\\/news\\\/neu-freie-wahl-des-firmennamens-auch-fuer-kig-kollektiv-gesellschaften\\\/#breadcrumb\"},\"inLanguage\":\"en-US\",\"potentialAction\":[{\"@type\":\"ReadAction\",\"target\":[\"https:\\\/\\\/www.amatin.ch\\\/en\\\/news\\\/neu-freie-wahl-des-firmennamens-auch-fuer-kig-kollektiv-gesellschaften\\\/\"]}]},{\"@type\":\"ImageObject\",\"inLanguage\":\"en-US\",\"@id\":\"https:\\\/\\\/www.amatin.ch\\\/en\\\/news\\\/neu-freie-wahl-des-firmennamens-auch-fuer-kig-kollektiv-gesellschaften\\\/#primaryimage\",\"url\":\"https:\\\/\\\/www.amatin.ch\\\/wp-content\\\/uploads\\\/2020\\\/10\\\/Firmenname._Kollektivgesellschaft.jpg\",\"contentUrl\":\"https:\\\/\\\/www.amatin.ch\\\/wp-content\\\/uploads\\\/2020\\\/10\\\/Firmenname._Kollektivgesellschaft.jpg\",\"width\":1350,\"height\":900,\"caption\":\"AMATIN AG\"},{\"@type\":\"BreadcrumbList\",\"@id\":\"https:\\\/\\\/www.amatin.ch\\\/en\\\/news\\\/neu-freie-wahl-des-firmennamens-auch-fuer-kig-kollektiv-gesellschaften\\\/#breadcrumb\",\"itemListElement\":[{\"@type\":\"ListItem\",\"position\":1,\"name\":\"Home\",\"item\":\"https:\\\/\\\/www.amatin.ch\\\/en\\\/\"},{\"@type\":\"ListItem\",\"position\":2,\"name\":\"New: Free choice of the company name also for collective companies\"}]},{\"@type\":\"WebSite\",\"@id\":\"https:\\\/\\\/www.amatin.ch\\\/en\\\/#website\",\"url\":\"https:\\\/\\\/www.amatin.ch\\\/en\\\/\",\"name\":\"AMATIN\",\"description\":\"\",\"potentialAction\":[{\"@type\":\"SearchAction\",\"target\":{\"@type\":\"EntryPoint\",\"urlTemplate\":\"https:\\\/\\\/www.amatin.ch\\\/en\\\/?s={search_term_string}\"},\"query-input\":{\"@type\":\"PropertyValueSpecification\",\"valueRequired\":true,\"valueName\":\"search_term_string\"}}],\"inLanguage\":\"en-US\"},{\"@type\":\"Person\",\"@id\":\"https:\\\/\\\/www.amatin.ch\\\/en\\\/#\\\/schema\\\/person\\\/e88fe9de1a844087a078278c638efb74\",\"name\":\"admin\",\"image\":{\"@type\":\"ImageObject\",\"inLanguage\":\"en-US\",\"@id\":\"https:\\\/\\\/secure.gravatar.com\\\/avatar\\\/c08d72df3876be26e60b8de538e514b77f421b1b2889e6d1bd788b6d134b40eb?s=96&d=mm&r=g\",\"url\":\"https:\\\/\\\/secure.gravatar.com\\\/avatar\\\/c08d72df3876be26e60b8de538e514b77f421b1b2889e6d1bd788b6d134b40eb?s=96&d=mm&r=g\",\"contentUrl\":\"https:\\\/\\\/secure.gravatar.com\\\/avatar\\\/c08d72df3876be26e60b8de538e514b77f421b1b2889e6d1bd788b6d134b40eb?s=96&d=mm&r=g\",\"caption\":\"admin\"},\"sameAs\":[\"https:\\\/\\\/www.amatin.ch\"],\"url\":\"https:\\\/\\\/www.amatin.ch\\\/en\\\/news\\\/author\\\/admin\\\/\"}]}<\/script>\n<!-- \/ Yoast SEO plugin. -->","yoast_head_json":{"title":"New: Free choice of the company name also for collective companies - AMATIN","robots":{"index":"index","follow":"follow","max-snippet":"max-snippet:-1","max-image-preview":"max-image-preview:large","max-video-preview":"max-video-preview:-1"},"canonical":"https:\/\/www.amatin.ch\/en\/news\/neu-freie-wahl-des-firmennamens-auch-fuer-kig-kollektiv-gesellschaften\/","og_locale":"en_US","og_type":"article","og_title":"New: Free choice of the company name also for collective companies - AMATIN","og_description":"Das Firmenrecht regelt die Namensgebung einer Firma. Seit dem 1. Juli 2016 k\u00f6nnen auch Personengesellschaften ihren Firmennamen frei w\u00e4hlen, wie dies bei der AG und GmbH bereits der Fall war. Jedoch ist zwingend die jeweilige Rechtsform anzugeben. Deshalb wurden f\u00fcr die Kollektivgesellschaft &#8220;KlG&#8221; und f\u00fcr die Kommanditgesellschaft &#8220;KmG&#8221; als Abk\u00fcrzungen eingef\u00fchrt. Diese \u00c4nderungen erleichtern insbesondere [&hellip;]","og_url":"https:\/\/www.amatin.ch\/en\/news\/neu-freie-wahl-des-firmennamens-auch-fuer-kig-kollektiv-gesellschaften\/","og_site_name":"AMATIN","article_published_time":"2018-07-05T20:54:13+00:00","article_modified_time":"2020-11-27T15:35:44+00:00","og_image":[{"width":1350,"height":900,"url":"https:\/\/www.amatin.ch\/wp-content\/uploads\/2020\/10\/Firmenname._Kollektivgesellschaft.jpg","type":"image\/jpeg"}],"author":"admin","twitter_card":"summary_large_image","schema":{"@context":"https:\/\/schema.org","@graph":[{"@type":"Article","@id":"https:\/\/www.amatin.ch\/en\/news\/neu-freie-wahl-des-firmennamens-auch-fuer-kig-kollektiv-gesellschaften\/#article","isPartOf":{"@id":"https:\/\/www.amatin.ch\/en\/news\/neu-freie-wahl-des-firmennamens-auch-fuer-kig-kollektiv-gesellschaften\/"},"author":{"name":"admin","@id":"https:\/\/www.amatin.ch\/en\/#\/schema\/person\/e88fe9de1a844087a078278c638efb74"},"headline":"New: Free choice of the company name also for collective companies","datePublished":"2018-07-05T20:54:13+00:00","dateModified":"2020-11-27T15:35:44+00:00","mainEntityOfPage":{"@id":"https:\/\/www.amatin.ch\/en\/news\/neu-freie-wahl-des-firmennamens-auch-fuer-kig-kollektiv-gesellschaften\/"},"wordCount":257,"commentCount":0,"image":{"@id":"https:\/\/www.amatin.ch\/en\/news\/neu-freie-wahl-des-firmennamens-auch-fuer-kig-kollektiv-gesellschaften\/#primaryimage"},"thumbnailUrl":"https:\/\/www.amatin.ch\/wp-content\/uploads\/2020\/10\/Firmenname._Kollektivgesellschaft.jpg","keywords":["Firmenrecht","Nachfolgeregelung","Unternehmensnachfolge"],"articleSection":["Corporate, Company Law","SME"],"inLanguage":"en-US","potentialAction":[{"@type":"CommentAction","name":"Comment","target":["https:\/\/www.amatin.ch\/en\/news\/neu-freie-wahl-des-firmennamens-auch-fuer-kig-kollektiv-gesellschaften\/#respond"]}]},{"@type":"WebPage","@id":"https:\/\/www.amatin.ch\/en\/news\/neu-freie-wahl-des-firmennamens-auch-fuer-kig-kollektiv-gesellschaften\/","url":"https:\/\/www.amatin.ch\/en\/news\/neu-freie-wahl-des-firmennamens-auch-fuer-kig-kollektiv-gesellschaften\/","name":"New: Free choice of the company name also for collective companies - AMATIN","isPartOf":{"@id":"https:\/\/www.amatin.ch\/en\/#website"},"primaryImageOfPage":{"@id":"https:\/\/www.amatin.ch\/en\/news\/neu-freie-wahl-des-firmennamens-auch-fuer-kig-kollektiv-gesellschaften\/#primaryimage"},"image":{"@id":"https:\/\/www.amatin.ch\/en\/news\/neu-freie-wahl-des-firmennamens-auch-fuer-kig-kollektiv-gesellschaften\/#primaryimage"},"thumbnailUrl":"https:\/\/www.amatin.ch\/wp-content\/uploads\/2020\/10\/Firmenname._Kollektivgesellschaft.jpg","datePublished":"2018-07-05T20:54:13+00:00","dateModified":"2020-11-27T15:35:44+00:00","author":{"@id":"https:\/\/www.amatin.ch\/en\/#\/schema\/person\/e88fe9de1a844087a078278c638efb74"},"breadcrumb":{"@id":"https:\/\/www.amatin.ch\/en\/news\/neu-freie-wahl-des-firmennamens-auch-fuer-kig-kollektiv-gesellschaften\/#breadcrumb"},"inLanguage":"en-US","potentialAction":[{"@type":"ReadAction","target":["https:\/\/www.amatin.ch\/en\/news\/neu-freie-wahl-des-firmennamens-auch-fuer-kig-kollektiv-gesellschaften\/"]}]},{"@type":"ImageObject","inLanguage":"en-US","@id":"https:\/\/www.amatin.ch\/en\/news\/neu-freie-wahl-des-firmennamens-auch-fuer-kig-kollektiv-gesellschaften\/#primaryimage","url":"https:\/\/www.amatin.ch\/wp-content\/uploads\/2020\/10\/Firmenname._Kollektivgesellschaft.jpg","contentUrl":"https:\/\/www.amatin.ch\/wp-content\/uploads\/2020\/10\/Firmenname._Kollektivgesellschaft.jpg","width":1350,"height":900,"caption":"AMATIN AG"},{"@type":"BreadcrumbList","@id":"https:\/\/www.amatin.ch\/en\/news\/neu-freie-wahl-des-firmennamens-auch-fuer-kig-kollektiv-gesellschaften\/#breadcrumb","itemListElement":[{"@type":"ListItem","position":1,"name":"Home","item":"https:\/\/www.amatin.ch\/en\/"},{"@type":"ListItem","position":2,"name":"New: Free choice of the company name also for collective companies"}]},{"@type":"WebSite","@id":"https:\/\/www.amatin.ch\/en\/#website","url":"https:\/\/www.amatin.ch\/en\/","name":"AMATIN","description":"","potentialAction":[{"@type":"SearchAction","target":{"@type":"EntryPoint","urlTemplate":"https:\/\/www.amatin.ch\/en\/?s={search_term_string}"},"query-input":{"@type":"PropertyValueSpecification","valueRequired":true,"valueName":"search_term_string"}}],"inLanguage":"en-US"},{"@type":"Person","@id":"https:\/\/www.amatin.ch\/en\/#\/schema\/person\/e88fe9de1a844087a078278c638efb74","name":"admin","image":{"@type":"ImageObject","inLanguage":"en-US","@id":"https:\/\/secure.gravatar.com\/avatar\/c08d72df3876be26e60b8de538e514b77f421b1b2889e6d1bd788b6d134b40eb?s=96&d=mm&r=g","url":"https:\/\/secure.gravatar.com\/avatar\/c08d72df3876be26e60b8de538e514b77f421b1b2889e6d1bd788b6d134b40eb?s=96&d=mm&r=g","contentUrl":"https:\/\/secure.gravatar.com\/avatar\/c08d72df3876be26e60b8de538e514b77f421b1b2889e6d1bd788b6d134b40eb?s=96&d=mm&r=g","caption":"admin"},"sameAs":["https:\/\/www.amatin.ch"],"url":"https:\/\/www.amatin.ch\/en\/news\/author\/admin\/"}]}},"_links":{"self":[{"href":"https:\/\/www.amatin.ch\/en\/wp-json\/wp\/v2\/posts\/1468","targetHints":{"allow":["GET"]}}],"collection":[{"href":"https:\/\/www.amatin.ch\/en\/wp-json\/wp\/v2\/posts"}],"about":[{"href":"https:\/\/www.amatin.ch\/en\/wp-json\/wp\/v2\/types\/post"}],"author":[{"embeddable":true,"href":"https:\/\/www.amatin.ch\/en\/wp-json\/wp\/v2\/users\/1"}],"replies":[{"embeddable":true,"href":"https:\/\/www.amatin.ch\/en\/wp-json\/wp\/v2\/comments?post=1468"}],"version-history":[{"count":0,"href":"https:\/\/www.amatin.ch\/en\/wp-json\/wp\/v2\/posts\/1468\/revisions"}],"wp:featuredmedia":[{"embeddable":true,"href":"https:\/\/www.amatin.ch\/en\/wp-json\/wp\/v2\/media\/1073"}],"wp:attachment":[{"href":"https:\/\/www.amatin.ch\/en\/wp-json\/wp\/v2\/media?parent=1468"}],"wp:term":[{"taxonomy":"category","embeddable":true,"href":"https:\/\/www.amatin.ch\/en\/wp-json\/wp\/v2\/categories?post=1468"},{"taxonomy":"post_tag","embeddable":true,"href":"https:\/\/www.amatin.ch\/en\/wp-json\/wp\/v2\/tags?post=1468"}],"curies":[{"name":"wp","href":"https:\/\/api.w.org\/{rel}","templated":true}]}}