{"id":1454,"date":"2016-08-31T16:33:25","date_gmt":"2016-08-31T16:33:25","guid":{"rendered":"https:\/\/www.amatin.ch\/marken-ueberwachung-sonst-droht-verlust-des-schutzes\/"},"modified":"2023-03-12T18:07:42","modified_gmt":"2023-03-12T17:07:42","slug":"marken-ueberwachung-sonst-droht-verlust-des-schutzes","status":"publish","type":"post","link":"https:\/\/www.amatin.ch\/en\/news\/marken-ueberwachung-sonst-droht-verlust-des-schutzes\/","title":{"rendered":"Marken-\u00dcberwachung &#8211; sonst droht Verlust des Schutzes"},"content":{"rendered":"\n<p><strong>AMATIN AG Rechtsanw\u00e4lte \/ Attorneys at Law (contact:&nbsp;Vanessa Fischer, Martin Boos), Basel, Switzerland &#8211; in the heart of the Swiss Economic Backbone Zurich-Basel-Geneva.<br><br>Ist eine Marke erst einmal erfolgreich im Markenregister eingetragen, kann ihr Schutzbereich durch Neuanmeldungen von zu \u00e4hnlichen Marken massiv verringert werden, wenn sie nicht konstant \u00fcberwacht und verteidigt wird.&nbsp;<br><\/strong><br>Firmen, die erfolgreich Produkte vermarkten, versehen diese oft mit einer Marke. Marke, Name, Logo und Design sind wichtige Werte Ihres Unternehmens. Diese Werte m\u00fcssen gesch\u00fctzt werden, da Produktpiraterie, Missbrauch und unerw\u00fcnschte Trittbrettfahrer Ihre Marke schw\u00e4chen k\u00f6nnen. Marken- und Designschutz sind wichtige Instrumente zum Schutz des Geistigen Eigentums. Eine eingetragene Marke sichert die get\u00e4tigten Investitionen und verbessert die Marktposition Ihres Unternehmens und dessen Produkte. Viele Markeninhaber werden nicht dar\u00fcber informiert, dass ein m\u00f6glichst grosser Schutzbereich eine konstante aktive Verteidigung voraussetzt. Es gen\u00fcgt nicht, die eigene Marke intensiv zu nutzen und bekannter zu machen. Denn die Konkurrenten nehmen gerade die Bekanntheit einer Marke zum Anlass, durch neue, \u00e4hnlich lautende Marken von deren Ruf zu profitieren. Realisiert die Markeninhaberin erst nach Monaten oder gar Jahren, dass zwischenzeitlich eine ihren Schutzbereich verletzende Konkurrenzmarke im Markenregister eingetragen (oder nur schon gebraucht) wurde, k\u00f6nnen die Abwehranspr\u00fcche im schlimmsten Fall schon verwirkt sein. Die Verteidigung ist zu diesem Zeitpunkt wesentlich teurer und wom\u00f6glich nur noch \u00fcber die Zivilgerichte durchsetzbar. Die Firma wird um den Wert der \u00fcber Jahre hinweg bei den Kunden eingef\u00fchrten Marke gebracht.<\/p>\n\n\n\n<p><strong>\u00dcberwachung der Markenanmeldungen&nbsp;<\/strong><br><strong><br><\/strong>Neben der allgemeinen Konkurrenzbeobachtung ist in vielen F\u00e4llen ein spezifischer &#8220;Watch Service&#8221; (Marken\u00fcberwachung) erforderlich, der vom Markenanwalt individuell eingerichtet und bewirtschaftet wird basierend auf Ihrem Budget und dem Schutzbereich Ihrer Marke. Bei der Marken\u00fcberwachung werden die Markenregister Ihrer Absatzgebiete \u00fcberwacht. \u00dcber alle Neuanmeldungen oder Hinterlegungen, die Ihrer Marke \u00e4hnlich oder gar gleich sind, erhalten Sie umgehend eine Mitteilung. Bei Neuanmeldungen k\u00f6nnen Sie innert drei Monaten ab Publikationsdatum beim Markenamt Widerspruch erheben (Widerspruchsverfahren). Neben der Marken\u00fcberwachung von Neuanmeldungen kann auch eine \u00dcberwachung des Gebrauchs Ihrer Marke im Internet eingerichtet werden.<\/p>\n\n\n\n<p><strong>Aktive Markenverteidigung&nbsp;<\/strong><br><strong><br><\/strong>Wichtig bei der Markenverteidigung ist es, schnell zu reagieren, insbesondere durch Abmahnung und Widerspruch. Das Widerspruchsverfahren ist ein Schnellverfahren vor der schweizerischen resp. ausl\u00e4ndischen Markenbeh\u00f6rde. Viele Markenanmelder sind eher bereit, ihre Marke noch vor oder w\u00e4hrend der Widerspruchsfrist abzu\u00e4ndern oder anzupassen, da die Investitionskosten in diesem Stadium noch nicht all zu hoch sind. Je mehr in eine Marke investiert wurde, desto weniger besteht die Bereitschaft, die Marke aufzugeben oder anzupassen.<\/p>\n\n\n\n<p>Es besteht auch die M\u00f6glichkeit, eine Koexistenz- oder Abgrenzungsvereinbarung zu schliessen, in welcher festgelegt wird, welche Marke f\u00fcr welche Waren- und Dienstleistungsklassen gesch\u00fctzt ist. Die Chancen f\u00fcr einen erfolgreichen Abschluss einer Abgrenzungsvereinbarung sind in einem fr\u00fchen Stadium dank \u00dcberwachung und fr\u00fchzeitiger Information wesentlich h\u00f6her. Gerne stehen wir von Amatin Rechtsanw\u00e4lte f\u00fcr erg\u00e4nzende Ausk\u00fcnfte oder Fragen \u00fcber die Marken\u00fcberwachung, die Definition des Schutzbereichs Ihrer Marke sowie die effiziente Markenverteidigung zur Verf\u00fcgung.<\/p>\n\n\n\n<p>Weitere Informationen zu Markenschutz und Marken\u00fcberwachung finden Sie auf unserer&nbsp;<a href=\"https:\/\/www.amatin.ch\/de_immaterialgueterrecht\" target=\"_blank\" rel=\"noreferrer noopener\">Website<\/a>.<\/p>\n","protected":false},"excerpt":{"rendered":"<p>AMATIN AG Rechtsanw\u00e4lte \/ Attorneys at Law (contact:&nbsp;Vanessa Fischer, Martin Boos), Basel, Switzerland &#8211; in the heart of the Swiss Economic Backbone Zurich-Basel-Geneva. Ist eine Marke erst einmal erfolgreich im Markenregister eingetragen, kann ihr Schutzbereich durch Neuanmeldungen von zu \u00e4hnlichen Marken massiv verringert werden, wenn sie nicht konstant \u00fcberwacht und verteidigt wird.&nbsp;Firmen, die erfolgreich Produkte [&hellip;]<\/p>\n","protected":false},"author":1,"featured_media":946,"comment_status":"open","ping_status":"open","sticky":false,"template":"","format":"standard","meta":{"_acf_changed":false,"footnotes":""},"categories":[7,8],"tags":[27,28,29,30,31],"class_list":["post-1454","post","type-post","status-publish","format-standard","has-post-thumbnail","","category-ip-it","category-sme","tag-markenschutz","tag-markenueberwachung","tag-ueberwachung","tag-verteidigung","tag-widersrpuch"],"acf":[],"yoast_head":"<!-- This site is optimized with the Yoast SEO plugin v27.4 - https:\/\/yoast.com\/product\/yoast-seo-wordpress\/ -->\n<title>Marken-\u00dcberwachung - sonst droht Verlust des Schutzes - AMATIN<\/title>\n<meta name=\"robots\" content=\"index, follow, max-snippet:-1, max-image-preview:large, max-video-preview:-1\" \/>\n<link rel=\"canonical\" href=\"https:\/\/www.amatin.ch\/en\/news\/marken-ueberwachung-sonst-droht-verlust-des-schutzes\/\" \/>\n<meta property=\"og:locale\" content=\"en_US\" \/>\n<meta property=\"og:type\" content=\"article\" \/>\n<meta property=\"og:title\" content=\"Marken-\u00dcberwachung - sonst droht Verlust des Schutzes - AMATIN\" \/>\n<meta property=\"og:description\" content=\"AMATIN AG Rechtsanw\u00e4lte \/ Attorneys at Law (contact:&nbsp;Vanessa Fischer, Martin Boos), Basel, Switzerland &#8211; in the heart of the Swiss Economic Backbone Zurich-Basel-Geneva. Ist eine Marke erst einmal erfolgreich im Markenregister eingetragen, kann ihr Schutzbereich durch Neuanmeldungen von zu \u00e4hnlichen Marken massiv verringert werden, wenn sie nicht konstant \u00fcberwacht und verteidigt wird.&nbsp;Firmen, die erfolgreich Produkte [&hellip;]\" \/>\n<meta property=\"og:url\" content=\"https:\/\/www.amatin.ch\/en\/news\/marken-ueberwachung-sonst-droht-verlust-des-schutzes\/\" \/>\n<meta property=\"og:site_name\" content=\"AMATIN\" \/>\n<meta property=\"article:published_time\" content=\"2016-08-31T16:33:25+00:00\" \/>\n<meta property=\"article:modified_time\" content=\"2023-03-12T17:07:42+00:00\" \/>\n<meta property=\"og:image\" content=\"https:\/\/www.amatin.ch\/wp-content\/uploads\/2020\/10\/2016-08-31-markenueberwachung.png\" \/>\n\t<meta property=\"og:image:width\" content=\"1365\" \/>\n\t<meta property=\"og:image:height\" content=\"800\" \/>\n\t<meta property=\"og:image:type\" content=\"image\/png\" \/>\n<meta name=\"author\" content=\"admin\" \/>\n<meta name=\"twitter:card\" content=\"summary_large_image\" \/>\n<script type=\"application\/ld+json\" class=\"yoast-schema-graph\">{\"@context\":\"https:\\\/\\\/schema.org\",\"@graph\":[{\"@type\":\"Article\",\"@id\":\"https:\\\/\\\/www.amatin.ch\\\/en\\\/news\\\/marken-ueberwachung-sonst-droht-verlust-des-schutzes\\\/#article\",\"isPartOf\":{\"@id\":\"https:\\\/\\\/www.amatin.ch\\\/en\\\/news\\\/marken-ueberwachung-sonst-droht-verlust-des-schutzes\\\/\"},\"author\":{\"name\":\"admin\",\"@id\":\"https:\\\/\\\/www.amatin.ch\\\/en\\\/#\\\/schema\\\/person\\\/e88fe9de1a844087a078278c638efb74\"},\"headline\":\"Marken-\u00dcberwachung &#8211; sonst droht Verlust des Schutzes\",\"datePublished\":\"2016-08-31T16:33:25+00:00\",\"dateModified\":\"2023-03-12T17:07:42+00:00\",\"mainEntityOfPage\":{\"@id\":\"https:\\\/\\\/www.amatin.ch\\\/en\\\/news\\\/marken-ueberwachung-sonst-droht-verlust-des-schutzes\\\/\"},\"wordCount\":525,\"commentCount\":0,\"image\":{\"@id\":\"https:\\\/\\\/www.amatin.ch\\\/en\\\/news\\\/marken-ueberwachung-sonst-droht-verlust-des-schutzes\\\/#primaryimage\"},\"thumbnailUrl\":\"https:\\\/\\\/www.amatin.ch\\\/wp-content\\\/uploads\\\/2020\\\/10\\\/2016-08-31-markenueberwachung.png\",\"keywords\":[\"Markenschutz\",\"Marken\u00fcberwachung\",\"\u00dcberwachung\",\"Verteidigung\",\"Widersrpuch\"],\"articleSection\":[\"IP-IT\",\"SME\"],\"inLanguage\":\"en-US\",\"potentialAction\":[{\"@type\":\"CommentAction\",\"name\":\"Comment\",\"target\":[\"https:\\\/\\\/www.amatin.ch\\\/en\\\/news\\\/marken-ueberwachung-sonst-droht-verlust-des-schutzes\\\/#respond\"]}]},{\"@type\":\"WebPage\",\"@id\":\"https:\\\/\\\/www.amatin.ch\\\/en\\\/news\\\/marken-ueberwachung-sonst-droht-verlust-des-schutzes\\\/\",\"url\":\"https:\\\/\\\/www.amatin.ch\\\/en\\\/news\\\/marken-ueberwachung-sonst-droht-verlust-des-schutzes\\\/\",\"name\":\"Marken-\u00dcberwachung - sonst droht Verlust des Schutzes - AMATIN\",\"isPartOf\":{\"@id\":\"https:\\\/\\\/www.amatin.ch\\\/en\\\/#website\"},\"primaryImageOfPage\":{\"@id\":\"https:\\\/\\\/www.amatin.ch\\\/en\\\/news\\\/marken-ueberwachung-sonst-droht-verlust-des-schutzes\\\/#primaryimage\"},\"image\":{\"@id\":\"https:\\\/\\\/www.amatin.ch\\\/en\\\/news\\\/marken-ueberwachung-sonst-droht-verlust-des-schutzes\\\/#primaryimage\"},\"thumbnailUrl\":\"https:\\\/\\\/www.amatin.ch\\\/wp-content\\\/uploads\\\/2020\\\/10\\\/2016-08-31-markenueberwachung.png\",\"datePublished\":\"2016-08-31T16:33:25+00:00\",\"dateModified\":\"2023-03-12T17:07:42+00:00\",\"author\":{\"@id\":\"https:\\\/\\\/www.amatin.ch\\\/en\\\/#\\\/schema\\\/person\\\/e88fe9de1a844087a078278c638efb74\"},\"breadcrumb\":{\"@id\":\"https:\\\/\\\/www.amatin.ch\\\/en\\\/news\\\/marken-ueberwachung-sonst-droht-verlust-des-schutzes\\\/#breadcrumb\"},\"inLanguage\":\"en-US\",\"potentialAction\":[{\"@type\":\"ReadAction\",\"target\":[\"https:\\\/\\\/www.amatin.ch\\\/en\\\/news\\\/marken-ueberwachung-sonst-droht-verlust-des-schutzes\\\/\"]}]},{\"@type\":\"ImageObject\",\"inLanguage\":\"en-US\",\"@id\":\"https:\\\/\\\/www.amatin.ch\\\/en\\\/news\\\/marken-ueberwachung-sonst-droht-verlust-des-schutzes\\\/#primaryimage\",\"url\":\"https:\\\/\\\/www.amatin.ch\\\/wp-content\\\/uploads\\\/2020\\\/10\\\/2016-08-31-markenueberwachung.png\",\"contentUrl\":\"https:\\\/\\\/www.amatin.ch\\\/wp-content\\\/uploads\\\/2020\\\/10\\\/2016-08-31-markenueberwachung.png\",\"width\":1365,\"height\":800},{\"@type\":\"BreadcrumbList\",\"@id\":\"https:\\\/\\\/www.amatin.ch\\\/en\\\/news\\\/marken-ueberwachung-sonst-droht-verlust-des-schutzes\\\/#breadcrumb\",\"itemListElement\":[{\"@type\":\"ListItem\",\"position\":1,\"name\":\"Home\",\"item\":\"https:\\\/\\\/www.amatin.ch\\\/en\\\/\"},{\"@type\":\"ListItem\",\"position\":2,\"name\":\"Marken-\u00dcberwachung &#8211; sonst droht Verlust des Schutzes\"}]},{\"@type\":\"WebSite\",\"@id\":\"https:\\\/\\\/www.amatin.ch\\\/en\\\/#website\",\"url\":\"https:\\\/\\\/www.amatin.ch\\\/en\\\/\",\"name\":\"AMATIN\",\"description\":\"\",\"potentialAction\":[{\"@type\":\"SearchAction\",\"target\":{\"@type\":\"EntryPoint\",\"urlTemplate\":\"https:\\\/\\\/www.amatin.ch\\\/en\\\/?s={search_term_string}\"},\"query-input\":{\"@type\":\"PropertyValueSpecification\",\"valueRequired\":true,\"valueName\":\"search_term_string\"}}],\"inLanguage\":\"en-US\"},{\"@type\":\"Person\",\"@id\":\"https:\\\/\\\/www.amatin.ch\\\/en\\\/#\\\/schema\\\/person\\\/e88fe9de1a844087a078278c638efb74\",\"name\":\"admin\",\"image\":{\"@type\":\"ImageObject\",\"inLanguage\":\"en-US\",\"@id\":\"https:\\\/\\\/secure.gravatar.com\\\/avatar\\\/c08d72df3876be26e60b8de538e514b77f421b1b2889e6d1bd788b6d134b40eb?s=96&d=mm&r=g\",\"url\":\"https:\\\/\\\/secure.gravatar.com\\\/avatar\\\/c08d72df3876be26e60b8de538e514b77f421b1b2889e6d1bd788b6d134b40eb?s=96&d=mm&r=g\",\"contentUrl\":\"https:\\\/\\\/secure.gravatar.com\\\/avatar\\\/c08d72df3876be26e60b8de538e514b77f421b1b2889e6d1bd788b6d134b40eb?s=96&d=mm&r=g\",\"caption\":\"admin\"},\"sameAs\":[\"https:\\\/\\\/www.amatin.ch\"],\"url\":\"https:\\\/\\\/www.amatin.ch\\\/en\\\/news\\\/author\\\/admin\\\/\"}]}<\/script>\n<!-- \/ Yoast SEO plugin. -->","yoast_head_json":{"title":"Marken-\u00dcberwachung - sonst droht Verlust des Schutzes - AMATIN","robots":{"index":"index","follow":"follow","max-snippet":"max-snippet:-1","max-image-preview":"max-image-preview:large","max-video-preview":"max-video-preview:-1"},"canonical":"https:\/\/www.amatin.ch\/en\/news\/marken-ueberwachung-sonst-droht-verlust-des-schutzes\/","og_locale":"en_US","og_type":"article","og_title":"Marken-\u00dcberwachung - sonst droht Verlust des Schutzes - AMATIN","og_description":"AMATIN AG Rechtsanw\u00e4lte \/ Attorneys at Law (contact:&nbsp;Vanessa Fischer, Martin Boos), Basel, Switzerland &#8211; in the heart of the Swiss Economic Backbone Zurich-Basel-Geneva. Ist eine Marke erst einmal erfolgreich im Markenregister eingetragen, kann ihr Schutzbereich durch Neuanmeldungen von zu \u00e4hnlichen Marken massiv verringert werden, wenn sie nicht konstant \u00fcberwacht und verteidigt wird.&nbsp;Firmen, die erfolgreich Produkte [&hellip;]","og_url":"https:\/\/www.amatin.ch\/en\/news\/marken-ueberwachung-sonst-droht-verlust-des-schutzes\/","og_site_name":"AMATIN","article_published_time":"2016-08-31T16:33:25+00:00","article_modified_time":"2023-03-12T17:07:42+00:00","og_image":[{"width":1365,"height":800,"url":"https:\/\/www.amatin.ch\/wp-content\/uploads\/2020\/10\/2016-08-31-markenueberwachung.png","type":"image\/png"}],"author":"admin","twitter_card":"summary_large_image","schema":{"@context":"https:\/\/schema.org","@graph":[{"@type":"Article","@id":"https:\/\/www.amatin.ch\/en\/news\/marken-ueberwachung-sonst-droht-verlust-des-schutzes\/#article","isPartOf":{"@id":"https:\/\/www.amatin.ch\/en\/news\/marken-ueberwachung-sonst-droht-verlust-des-schutzes\/"},"author":{"name":"admin","@id":"https:\/\/www.amatin.ch\/en\/#\/schema\/person\/e88fe9de1a844087a078278c638efb74"},"headline":"Marken-\u00dcberwachung &#8211; sonst droht Verlust des Schutzes","datePublished":"2016-08-31T16:33:25+00:00","dateModified":"2023-03-12T17:07:42+00:00","mainEntityOfPage":{"@id":"https:\/\/www.amatin.ch\/en\/news\/marken-ueberwachung-sonst-droht-verlust-des-schutzes\/"},"wordCount":525,"commentCount":0,"image":{"@id":"https:\/\/www.amatin.ch\/en\/news\/marken-ueberwachung-sonst-droht-verlust-des-schutzes\/#primaryimage"},"thumbnailUrl":"https:\/\/www.amatin.ch\/wp-content\/uploads\/2020\/10\/2016-08-31-markenueberwachung.png","keywords":["Markenschutz","Marken\u00fcberwachung","\u00dcberwachung","Verteidigung","Widersrpuch"],"articleSection":["IP-IT","SME"],"inLanguage":"en-US","potentialAction":[{"@type":"CommentAction","name":"Comment","target":["https:\/\/www.amatin.ch\/en\/news\/marken-ueberwachung-sonst-droht-verlust-des-schutzes\/#respond"]}]},{"@type":"WebPage","@id":"https:\/\/www.amatin.ch\/en\/news\/marken-ueberwachung-sonst-droht-verlust-des-schutzes\/","url":"https:\/\/www.amatin.ch\/en\/news\/marken-ueberwachung-sonst-droht-verlust-des-schutzes\/","name":"Marken-\u00dcberwachung - sonst droht Verlust des Schutzes - AMATIN","isPartOf":{"@id":"https:\/\/www.amatin.ch\/en\/#website"},"primaryImageOfPage":{"@id":"https:\/\/www.amatin.ch\/en\/news\/marken-ueberwachung-sonst-droht-verlust-des-schutzes\/#primaryimage"},"image":{"@id":"https:\/\/www.amatin.ch\/en\/news\/marken-ueberwachung-sonst-droht-verlust-des-schutzes\/#primaryimage"},"thumbnailUrl":"https:\/\/www.amatin.ch\/wp-content\/uploads\/2020\/10\/2016-08-31-markenueberwachung.png","datePublished":"2016-08-31T16:33:25+00:00","dateModified":"2023-03-12T17:07:42+00:00","author":{"@id":"https:\/\/www.amatin.ch\/en\/#\/schema\/person\/e88fe9de1a844087a078278c638efb74"},"breadcrumb":{"@id":"https:\/\/www.amatin.ch\/en\/news\/marken-ueberwachung-sonst-droht-verlust-des-schutzes\/#breadcrumb"},"inLanguage":"en-US","potentialAction":[{"@type":"ReadAction","target":["https:\/\/www.amatin.ch\/en\/news\/marken-ueberwachung-sonst-droht-verlust-des-schutzes\/"]}]},{"@type":"ImageObject","inLanguage":"en-US","@id":"https:\/\/www.amatin.ch\/en\/news\/marken-ueberwachung-sonst-droht-verlust-des-schutzes\/#primaryimage","url":"https:\/\/www.amatin.ch\/wp-content\/uploads\/2020\/10\/2016-08-31-markenueberwachung.png","contentUrl":"https:\/\/www.amatin.ch\/wp-content\/uploads\/2020\/10\/2016-08-31-markenueberwachung.png","width":1365,"height":800},{"@type":"BreadcrumbList","@id":"https:\/\/www.amatin.ch\/en\/news\/marken-ueberwachung-sonst-droht-verlust-des-schutzes\/#breadcrumb","itemListElement":[{"@type":"ListItem","position":1,"name":"Home","item":"https:\/\/www.amatin.ch\/en\/"},{"@type":"ListItem","position":2,"name":"Marken-\u00dcberwachung &#8211; sonst droht Verlust des Schutzes"}]},{"@type":"WebSite","@id":"https:\/\/www.amatin.ch\/en\/#website","url":"https:\/\/www.amatin.ch\/en\/","name":"AMATIN","description":"","potentialAction":[{"@type":"SearchAction","target":{"@type":"EntryPoint","urlTemplate":"https:\/\/www.amatin.ch\/en\/?s={search_term_string}"},"query-input":{"@type":"PropertyValueSpecification","valueRequired":true,"valueName":"search_term_string"}}],"inLanguage":"en-US"},{"@type":"Person","@id":"https:\/\/www.amatin.ch\/en\/#\/schema\/person\/e88fe9de1a844087a078278c638efb74","name":"admin","image":{"@type":"ImageObject","inLanguage":"en-US","@id":"https:\/\/secure.gravatar.com\/avatar\/c08d72df3876be26e60b8de538e514b77f421b1b2889e6d1bd788b6d134b40eb?s=96&d=mm&r=g","url":"https:\/\/secure.gravatar.com\/avatar\/c08d72df3876be26e60b8de538e514b77f421b1b2889e6d1bd788b6d134b40eb?s=96&d=mm&r=g","contentUrl":"https:\/\/secure.gravatar.com\/avatar\/c08d72df3876be26e60b8de538e514b77f421b1b2889e6d1bd788b6d134b40eb?s=96&d=mm&r=g","caption":"admin"},"sameAs":["https:\/\/www.amatin.ch"],"url":"https:\/\/www.amatin.ch\/en\/news\/author\/admin\/"}]}},"_links":{"self":[{"href":"https:\/\/www.amatin.ch\/en\/wp-json\/wp\/v2\/posts\/1454","targetHints":{"allow":["GET"]}}],"collection":[{"href":"https:\/\/www.amatin.ch\/en\/wp-json\/wp\/v2\/posts"}],"about":[{"href":"https:\/\/www.amatin.ch\/en\/wp-json\/wp\/v2\/types\/post"}],"author":[{"embeddable":true,"href":"https:\/\/www.amatin.ch\/en\/wp-json\/wp\/v2\/users\/1"}],"replies":[{"embeddable":true,"href":"https:\/\/www.amatin.ch\/en\/wp-json\/wp\/v2\/comments?post=1454"}],"version-history":[{"count":3,"href":"https:\/\/www.amatin.ch\/en\/wp-json\/wp\/v2\/posts\/1454\/revisions"}],"predecessor-version":[{"id":6220,"href":"https:\/\/www.amatin.ch\/en\/wp-json\/wp\/v2\/posts\/1454\/revisions\/6220"}],"wp:featuredmedia":[{"embeddable":true,"href":"https:\/\/www.amatin.ch\/en\/wp-json\/wp\/v2\/media\/946"}],"wp:attachment":[{"href":"https:\/\/www.amatin.ch\/en\/wp-json\/wp\/v2\/media?parent=1454"}],"wp:term":[{"taxonomy":"category","embeddable":true,"href":"https:\/\/www.amatin.ch\/en\/wp-json\/wp\/v2\/categories?post=1454"},{"taxonomy":"post_tag","embeddable":true,"href":"https:\/\/www.amatin.ch\/en\/wp-json\/wp\/v2\/tags?post=1454"}],"curies":[{"name":"wp","href":"https:\/\/api.w.org\/{rel}","templated":true}]}}