{"id":1448,"date":"2017-04-25T08:16:13","date_gmt":"2017-04-25T08:16:13","guid":{"rendered":"https:\/\/www.amatin.ch\/verwaltungsrat-und-arbeitnehmer-in-einer-person-anspruch-auf-arbeitslosengeld\/"},"modified":"2020-11-27T15:51:56","modified_gmt":"2020-11-27T15:51:56","slug":"verwaltungsrat-und-arbeitnehmer-in-einer-person-anspruch-auf-arbeitslosengeld","status":"publish","type":"post","link":"https:\/\/www.amatin.ch\/en\/news\/verwaltungsrat-und-arbeitnehmer-in-einer-person-anspruch-auf-arbeitslosengeld\/","title":{"rendered":"Board of Directors and employees in one person. Entitlement to unemployment benefit?"},"content":{"rendered":"\n<p>Kann der sich selbst k\u00fcndigende Verwaltungsrat Arbeitslosengelder verlangen?&nbsp;<\/p>\n\n\n\n<p>Man stelle sich folgenden Sachverhalt vor: Schreiner X gr\u00fcndet die X-AG, von der er s\u00e4mtliche Aktien besitzt und deren einziger Verwaltungsrat er ist &#8211; eine klassische Einmann-AG. Zudem stellt er sich als Arbeitnehmer ein und bezahlt sich einen Lohn aus. Nach einer Erfolgswelle bricht die Auftragslage ein. Der findige X k\u00fcndigt sein Arbeitsverh\u00e4ltnis, l\u00e4sst die Firma X-AG aber bestehen. Sodann meldet er sich, gerissen wie er ist, bei der \u00f6ffentlichen Arbeitslosenkasse arbeitslos und bezieht Arbeitslosentaggelder. Sobald die Auftragslage wieder anzieht, stellt er sich wieder ein. Ist dies zul\u00e4ssig?&nbsp;<\/p>\n\n\n\n<p>Juristisch formuliert stellt sich die Frage, ob Personen, die einen massgeblichen Einfluss auf die Willensbildung desjenigen Unternehmens (und damit auf ihre eigene K\u00fcndigung) haben, bei dem sie als Arbeitnehmer angestellt sind, nach K\u00fcndigung ihres Arbeitsverh\u00e4ltnisses Anspr\u00fcche auf Arbeitslosenentsch\u00e4digung geltend machen k\u00f6nnen.&nbsp;<\/p>\n\n\n\n<p>Interessanterweise \u00e4ussert sich das Arbeitslosenversicherungsgesetz (&#8220;AVIG&#8221;) hierzu nicht explizit, dies, obwohl die in dieser Konstellation bestehende Missbrauchsgefahr schon seit langem erkannt wurden. Das AVIG \u00e4ussert sich diesbez\u00fcglich nur im Rahmen der Kurzarbeits- und Insolvenzentsch\u00e4digung, bei denen es die Geltendmachung der genannten Anspr\u00fcche denjenigen Arbeitnehmern verbietet, &#8220;die in ihrer Eigenschaft als Gesellschafter, als finanziell am Betrieb Beteiligte oder als Mitglieder eines obersten betrieblichen Entscheidungsgremiums die Entscheidungen des Arbeitgebers bestimmen oder massgeblich beeinflussen k\u00f6nnen, sowie ihren mitarbeitenden Ehegatten&#8221;.&nbsp;<\/p>\n\n\n\n<p>Bedeutet das Fehlen einer entsprechenden Bestimmung im Rahmen der gew\u00f6hnlichen Arbeitslosenentsch\u00e4digung nun, dass in unserem Beispiel X Anspruch auf Arbeitslosentaggelder hat? Die Antwort: Grunds\u00e4tzlich ja, aber mit Vorbehalten:&nbsp;<\/p>\n\n\n\n<p>Die oben genannte, die Kurzarbeitsentsch\u00e4digung betreffende Bestimmung wird n\u00e4mlich bei der gew\u00f6hnlichen Arbeitslosenentsch\u00e4digung analog angewandt, sofern die Gefahr eines Rechtsmissbrauchs besteht. Diese Gefahr wird solange bejaht, als der ehemalige Arbeitnehmer aufgrund der weiterhin bestehenden Einflussm\u00f6glichkeiten den k\u00fcndigenden Betrieb wieder aktivieren und sich selber wieder einstellen kann. Sofern die Missbrauchsgefahr aber nicht mehr besteht, wenn also X seine Einflussm\u00f6glichkeiten definitiv aufgibt, so steht die ehemalige arbeitgeber\u00e4hnliche Stellung dem Anspruch auf Arbeitslosenentsch\u00e4digung nicht entgegen.<\/p>\n","protected":false},"excerpt":{"rendered":"<p>Kann der sich selbst k\u00fcndigende Verwaltungsrat Arbeitslosengelder verlangen?&nbsp; Man stelle sich folgenden Sachverhalt vor: Schreiner X gr\u00fcndet die X-AG, von der er s\u00e4mtliche Aktien besitzt und deren einziger Verwaltungsrat er ist &#8211; eine klassische Einmann-AG. Zudem stellt er sich als Arbeitnehmer ein und bezahlt sich einen Lohn aus. Nach einer Erfolgswelle bricht die Auftragslage ein. [&hellip;]<\/p>\n","protected":false},"author":1,"featured_media":1321,"comment_status":"open","ping_status":"open","sticky":false,"template":"","format":"standard","meta":{"_acf_changed":false,"footnotes":""},"categories":[3,9,8],"tags":[36,37,15],"class_list":["post-1448","post","type-post","status-publish","format-standard","has-post-thumbnail","","category-employment-law","category-private-clients","category-sme","tag-arbeitgeber","tag-arbeitnehmer","tag-arbeitsrecht"],"acf":[],"yoast_head":"<!-- This site is optimized with the Yoast SEO plugin v27.5 - https:\/\/yoast.com\/product\/yoast-seo-wordpress\/ -->\n<title>Board of Directors and employees in one person. Entitlement to unemployment benefit? - AMATIN<\/title>\n<meta name=\"robots\" content=\"index, follow, max-snippet:-1, max-image-preview:large, max-video-preview:-1\" \/>\n<link rel=\"canonical\" href=\"https:\/\/www.amatin.ch\/en\/news\/verwaltungsrat-und-arbeitnehmer-in-einer-person-anspruch-auf-arbeitslosengeld\/\" \/>\n<meta property=\"og:locale\" content=\"en_US\" \/>\n<meta property=\"og:type\" content=\"article\" \/>\n<meta property=\"og:title\" content=\"Board of Directors and employees in one person. Entitlement to unemployment benefit? - AMATIN\" \/>\n<meta property=\"og:description\" content=\"Kann der sich selbst k\u00fcndigende Verwaltungsrat Arbeitslosengelder verlangen?&nbsp; Man stelle sich folgenden Sachverhalt vor: Schreiner X gr\u00fcndet die X-AG, von der er s\u00e4mtliche Aktien besitzt und deren einziger Verwaltungsrat er ist &#8211; eine klassische Einmann-AG. Zudem stellt er sich als Arbeitnehmer ein und bezahlt sich einen Lohn aus. Nach einer Erfolgswelle bricht die Auftragslage ein. [&hellip;]\" \/>\n<meta property=\"og:url\" content=\"https:\/\/www.amatin.ch\/en\/news\/verwaltungsrat-und-arbeitnehmer-in-einer-person-anspruch-auf-arbeitslosengeld\/\" \/>\n<meta property=\"og:site_name\" content=\"AMATIN\" \/>\n<meta property=\"article:published_time\" content=\"2017-04-25T08:16:13+00:00\" \/>\n<meta property=\"article:modified_time\" content=\"2020-11-27T15:51:56+00:00\" \/>\n<meta property=\"og:image\" content=\"https:\/\/www.amatin.ch\/wp-content\/uploads\/2020\/10\/Arbeitslosenentschadigung.jpg\" \/>\n\t<meta property=\"og:image:width\" content=\"180\" \/>\n\t<meta property=\"og:image:height\" content=\"240\" \/>\n\t<meta property=\"og:image:type\" content=\"image\/jpeg\" \/>\n<meta name=\"author\" content=\"admin\" \/>\n<meta name=\"twitter:card\" content=\"summary_large_image\" \/>\n<script type=\"application\/ld+json\" class=\"yoast-schema-graph\">{\"@context\":\"https:\\\/\\\/schema.org\",\"@graph\":[{\"@type\":\"Article\",\"@id\":\"https:\\\/\\\/www.amatin.ch\\\/en\\\/news\\\/verwaltungsrat-und-arbeitnehmer-in-einer-person-anspruch-auf-arbeitslosengeld\\\/#article\",\"isPartOf\":{\"@id\":\"https:\\\/\\\/www.amatin.ch\\\/en\\\/news\\\/verwaltungsrat-und-arbeitnehmer-in-einer-person-anspruch-auf-arbeitslosengeld\\\/\"},\"author\":{\"name\":\"admin\",\"@id\":\"https:\\\/\\\/www.amatin.ch\\\/en\\\/#\\\/schema\\\/person\\\/e88fe9de1a844087a078278c638efb74\"},\"headline\":\"Board of Directors and employees in one person. Entitlement to unemployment benefit?\",\"datePublished\":\"2017-04-25T08:16:13+00:00\",\"dateModified\":\"2020-11-27T15:51:56+00:00\",\"mainEntityOfPage\":{\"@id\":\"https:\\\/\\\/www.amatin.ch\\\/en\\\/news\\\/verwaltungsrat-und-arbeitnehmer-in-einer-person-anspruch-auf-arbeitslosengeld\\\/\"},\"wordCount\":359,\"commentCount\":0,\"image\":{\"@id\":\"https:\\\/\\\/www.amatin.ch\\\/en\\\/news\\\/verwaltungsrat-und-arbeitnehmer-in-einer-person-anspruch-auf-arbeitslosengeld\\\/#primaryimage\"},\"thumbnailUrl\":\"https:\\\/\\\/www.amatin.ch\\\/wp-content\\\/uploads\\\/2020\\\/10\\\/Arbeitslosenentschadigung.jpg\",\"keywords\":[\"Arbeitgeber\",\"Arbeitnehmer\",\"Arbeitsrecht\"],\"articleSection\":[\"Employment Law\",\"Private Clients\",\"SME\"],\"inLanguage\":\"en-US\",\"potentialAction\":[{\"@type\":\"CommentAction\",\"name\":\"Comment\",\"target\":[\"https:\\\/\\\/www.amatin.ch\\\/en\\\/news\\\/verwaltungsrat-und-arbeitnehmer-in-einer-person-anspruch-auf-arbeitslosengeld\\\/#respond\"]}]},{\"@type\":\"WebPage\",\"@id\":\"https:\\\/\\\/www.amatin.ch\\\/en\\\/news\\\/verwaltungsrat-und-arbeitnehmer-in-einer-person-anspruch-auf-arbeitslosengeld\\\/\",\"url\":\"https:\\\/\\\/www.amatin.ch\\\/en\\\/news\\\/verwaltungsrat-und-arbeitnehmer-in-einer-person-anspruch-auf-arbeitslosengeld\\\/\",\"name\":\"Board of Directors and employees in one person. Entitlement to unemployment benefit? - AMATIN\",\"isPartOf\":{\"@id\":\"https:\\\/\\\/www.amatin.ch\\\/en\\\/#website\"},\"primaryImageOfPage\":{\"@id\":\"https:\\\/\\\/www.amatin.ch\\\/en\\\/news\\\/verwaltungsrat-und-arbeitnehmer-in-einer-person-anspruch-auf-arbeitslosengeld\\\/#primaryimage\"},\"image\":{\"@id\":\"https:\\\/\\\/www.amatin.ch\\\/en\\\/news\\\/verwaltungsrat-und-arbeitnehmer-in-einer-person-anspruch-auf-arbeitslosengeld\\\/#primaryimage\"},\"thumbnailUrl\":\"https:\\\/\\\/www.amatin.ch\\\/wp-content\\\/uploads\\\/2020\\\/10\\\/Arbeitslosenentschadigung.jpg\",\"datePublished\":\"2017-04-25T08:16:13+00:00\",\"dateModified\":\"2020-11-27T15:51:56+00:00\",\"author\":{\"@id\":\"https:\\\/\\\/www.amatin.ch\\\/en\\\/#\\\/schema\\\/person\\\/e88fe9de1a844087a078278c638efb74\"},\"breadcrumb\":{\"@id\":\"https:\\\/\\\/www.amatin.ch\\\/en\\\/news\\\/verwaltungsrat-und-arbeitnehmer-in-einer-person-anspruch-auf-arbeitslosengeld\\\/#breadcrumb\"},\"inLanguage\":\"en-US\",\"potentialAction\":[{\"@type\":\"ReadAction\",\"target\":[\"https:\\\/\\\/www.amatin.ch\\\/en\\\/news\\\/verwaltungsrat-und-arbeitnehmer-in-einer-person-anspruch-auf-arbeitslosengeld\\\/\"]}]},{\"@type\":\"ImageObject\",\"inLanguage\":\"en-US\",\"@id\":\"https:\\\/\\\/www.amatin.ch\\\/en\\\/news\\\/verwaltungsrat-und-arbeitnehmer-in-einer-person-anspruch-auf-arbeitslosengeld\\\/#primaryimage\",\"url\":\"https:\\\/\\\/www.amatin.ch\\\/wp-content\\\/uploads\\\/2020\\\/10\\\/Arbeitslosenentschadigung.jpg\",\"contentUrl\":\"https:\\\/\\\/www.amatin.ch\\\/wp-content\\\/uploads\\\/2020\\\/10\\\/Arbeitslosenentschadigung.jpg\",\"width\":180,\"height\":240},{\"@type\":\"BreadcrumbList\",\"@id\":\"https:\\\/\\\/www.amatin.ch\\\/en\\\/news\\\/verwaltungsrat-und-arbeitnehmer-in-einer-person-anspruch-auf-arbeitslosengeld\\\/#breadcrumb\",\"itemListElement\":[{\"@type\":\"ListItem\",\"position\":1,\"name\":\"Home\",\"item\":\"https:\\\/\\\/www.amatin.ch\\\/en\\\/\"},{\"@type\":\"ListItem\",\"position\":2,\"name\":\"Board of Directors and employees in one person. Entitlement to unemployment benefit?\"}]},{\"@type\":\"WebSite\",\"@id\":\"https:\\\/\\\/www.amatin.ch\\\/en\\\/#website\",\"url\":\"https:\\\/\\\/www.amatin.ch\\\/en\\\/\",\"name\":\"AMATIN\",\"description\":\"\",\"potentialAction\":[{\"@type\":\"SearchAction\",\"target\":{\"@type\":\"EntryPoint\",\"urlTemplate\":\"https:\\\/\\\/www.amatin.ch\\\/en\\\/?s={search_term_string}\"},\"query-input\":{\"@type\":\"PropertyValueSpecification\",\"valueRequired\":true,\"valueName\":\"search_term_string\"}}],\"inLanguage\":\"en-US\"},{\"@type\":\"Person\",\"@id\":\"https:\\\/\\\/www.amatin.ch\\\/en\\\/#\\\/schema\\\/person\\\/e88fe9de1a844087a078278c638efb74\",\"name\":\"admin\",\"image\":{\"@type\":\"ImageObject\",\"inLanguage\":\"en-US\",\"@id\":\"https:\\\/\\\/secure.gravatar.com\\\/avatar\\\/c08d72df3876be26e60b8de538e514b77f421b1b2889e6d1bd788b6d134b40eb?s=96&d=mm&r=g\",\"url\":\"https:\\\/\\\/secure.gravatar.com\\\/avatar\\\/c08d72df3876be26e60b8de538e514b77f421b1b2889e6d1bd788b6d134b40eb?s=96&d=mm&r=g\",\"contentUrl\":\"https:\\\/\\\/secure.gravatar.com\\\/avatar\\\/c08d72df3876be26e60b8de538e514b77f421b1b2889e6d1bd788b6d134b40eb?s=96&d=mm&r=g\",\"caption\":\"admin\"},\"sameAs\":[\"https:\\\/\\\/www.amatin.ch\"],\"url\":\"https:\\\/\\\/www.amatin.ch\\\/en\\\/news\\\/author\\\/admin\\\/\"}]}<\/script>\n<!-- \/ Yoast SEO plugin. -->","yoast_head_json":{"title":"Board of Directors and employees in one person. Entitlement to unemployment benefit? - AMATIN","robots":{"index":"index","follow":"follow","max-snippet":"max-snippet:-1","max-image-preview":"max-image-preview:large","max-video-preview":"max-video-preview:-1"},"canonical":"https:\/\/www.amatin.ch\/en\/news\/verwaltungsrat-und-arbeitnehmer-in-einer-person-anspruch-auf-arbeitslosengeld\/","og_locale":"en_US","og_type":"article","og_title":"Board of Directors and employees in one person. Entitlement to unemployment benefit? - AMATIN","og_description":"Kann der sich selbst k\u00fcndigende Verwaltungsrat Arbeitslosengelder verlangen?&nbsp; Man stelle sich folgenden Sachverhalt vor: Schreiner X gr\u00fcndet die X-AG, von der er s\u00e4mtliche Aktien besitzt und deren einziger Verwaltungsrat er ist &#8211; eine klassische Einmann-AG. Zudem stellt er sich als Arbeitnehmer ein und bezahlt sich einen Lohn aus. Nach einer Erfolgswelle bricht die Auftragslage ein. [&hellip;]","og_url":"https:\/\/www.amatin.ch\/en\/news\/verwaltungsrat-und-arbeitnehmer-in-einer-person-anspruch-auf-arbeitslosengeld\/","og_site_name":"AMATIN","article_published_time":"2017-04-25T08:16:13+00:00","article_modified_time":"2020-11-27T15:51:56+00:00","og_image":[{"width":180,"height":240,"url":"https:\/\/www.amatin.ch\/wp-content\/uploads\/2020\/10\/Arbeitslosenentschadigung.jpg","type":"image\/jpeg"}],"author":"admin","twitter_card":"summary_large_image","schema":{"@context":"https:\/\/schema.org","@graph":[{"@type":"Article","@id":"https:\/\/www.amatin.ch\/en\/news\/verwaltungsrat-und-arbeitnehmer-in-einer-person-anspruch-auf-arbeitslosengeld\/#article","isPartOf":{"@id":"https:\/\/www.amatin.ch\/en\/news\/verwaltungsrat-und-arbeitnehmer-in-einer-person-anspruch-auf-arbeitslosengeld\/"},"author":{"name":"admin","@id":"https:\/\/www.amatin.ch\/en\/#\/schema\/person\/e88fe9de1a844087a078278c638efb74"},"headline":"Board of Directors and employees in one person. Entitlement to unemployment benefit?","datePublished":"2017-04-25T08:16:13+00:00","dateModified":"2020-11-27T15:51:56+00:00","mainEntityOfPage":{"@id":"https:\/\/www.amatin.ch\/en\/news\/verwaltungsrat-und-arbeitnehmer-in-einer-person-anspruch-auf-arbeitslosengeld\/"},"wordCount":359,"commentCount":0,"image":{"@id":"https:\/\/www.amatin.ch\/en\/news\/verwaltungsrat-und-arbeitnehmer-in-einer-person-anspruch-auf-arbeitslosengeld\/#primaryimage"},"thumbnailUrl":"https:\/\/www.amatin.ch\/wp-content\/uploads\/2020\/10\/Arbeitslosenentschadigung.jpg","keywords":["Arbeitgeber","Arbeitnehmer","Arbeitsrecht"],"articleSection":["Employment Law","Private Clients","SME"],"inLanguage":"en-US","potentialAction":[{"@type":"CommentAction","name":"Comment","target":["https:\/\/www.amatin.ch\/en\/news\/verwaltungsrat-und-arbeitnehmer-in-einer-person-anspruch-auf-arbeitslosengeld\/#respond"]}]},{"@type":"WebPage","@id":"https:\/\/www.amatin.ch\/en\/news\/verwaltungsrat-und-arbeitnehmer-in-einer-person-anspruch-auf-arbeitslosengeld\/","url":"https:\/\/www.amatin.ch\/en\/news\/verwaltungsrat-und-arbeitnehmer-in-einer-person-anspruch-auf-arbeitslosengeld\/","name":"Board of Directors and employees in one person. Entitlement to unemployment benefit? - AMATIN","isPartOf":{"@id":"https:\/\/www.amatin.ch\/en\/#website"},"primaryImageOfPage":{"@id":"https:\/\/www.amatin.ch\/en\/news\/verwaltungsrat-und-arbeitnehmer-in-einer-person-anspruch-auf-arbeitslosengeld\/#primaryimage"},"image":{"@id":"https:\/\/www.amatin.ch\/en\/news\/verwaltungsrat-und-arbeitnehmer-in-einer-person-anspruch-auf-arbeitslosengeld\/#primaryimage"},"thumbnailUrl":"https:\/\/www.amatin.ch\/wp-content\/uploads\/2020\/10\/Arbeitslosenentschadigung.jpg","datePublished":"2017-04-25T08:16:13+00:00","dateModified":"2020-11-27T15:51:56+00:00","author":{"@id":"https:\/\/www.amatin.ch\/en\/#\/schema\/person\/e88fe9de1a844087a078278c638efb74"},"breadcrumb":{"@id":"https:\/\/www.amatin.ch\/en\/news\/verwaltungsrat-und-arbeitnehmer-in-einer-person-anspruch-auf-arbeitslosengeld\/#breadcrumb"},"inLanguage":"en-US","potentialAction":[{"@type":"ReadAction","target":["https:\/\/www.amatin.ch\/en\/news\/verwaltungsrat-und-arbeitnehmer-in-einer-person-anspruch-auf-arbeitslosengeld\/"]}]},{"@type":"ImageObject","inLanguage":"en-US","@id":"https:\/\/www.amatin.ch\/en\/news\/verwaltungsrat-und-arbeitnehmer-in-einer-person-anspruch-auf-arbeitslosengeld\/#primaryimage","url":"https:\/\/www.amatin.ch\/wp-content\/uploads\/2020\/10\/Arbeitslosenentschadigung.jpg","contentUrl":"https:\/\/www.amatin.ch\/wp-content\/uploads\/2020\/10\/Arbeitslosenentschadigung.jpg","width":180,"height":240},{"@type":"BreadcrumbList","@id":"https:\/\/www.amatin.ch\/en\/news\/verwaltungsrat-und-arbeitnehmer-in-einer-person-anspruch-auf-arbeitslosengeld\/#breadcrumb","itemListElement":[{"@type":"ListItem","position":1,"name":"Home","item":"https:\/\/www.amatin.ch\/en\/"},{"@type":"ListItem","position":2,"name":"Board of Directors and employees in one person. Entitlement to unemployment benefit?"}]},{"@type":"WebSite","@id":"https:\/\/www.amatin.ch\/en\/#website","url":"https:\/\/www.amatin.ch\/en\/","name":"AMATIN","description":"","potentialAction":[{"@type":"SearchAction","target":{"@type":"EntryPoint","urlTemplate":"https:\/\/www.amatin.ch\/en\/?s={search_term_string}"},"query-input":{"@type":"PropertyValueSpecification","valueRequired":true,"valueName":"search_term_string"}}],"inLanguage":"en-US"},{"@type":"Person","@id":"https:\/\/www.amatin.ch\/en\/#\/schema\/person\/e88fe9de1a844087a078278c638efb74","name":"admin","image":{"@type":"ImageObject","inLanguage":"en-US","@id":"https:\/\/secure.gravatar.com\/avatar\/c08d72df3876be26e60b8de538e514b77f421b1b2889e6d1bd788b6d134b40eb?s=96&d=mm&r=g","url":"https:\/\/secure.gravatar.com\/avatar\/c08d72df3876be26e60b8de538e514b77f421b1b2889e6d1bd788b6d134b40eb?s=96&d=mm&r=g","contentUrl":"https:\/\/secure.gravatar.com\/avatar\/c08d72df3876be26e60b8de538e514b77f421b1b2889e6d1bd788b6d134b40eb?s=96&d=mm&r=g","caption":"admin"},"sameAs":["https:\/\/www.amatin.ch"],"url":"https:\/\/www.amatin.ch\/en\/news\/author\/admin\/"}]}},"_links":{"self":[{"href":"https:\/\/www.amatin.ch\/en\/wp-json\/wp\/v2\/posts\/1448","targetHints":{"allow":["GET"]}}],"collection":[{"href":"https:\/\/www.amatin.ch\/en\/wp-json\/wp\/v2\/posts"}],"about":[{"href":"https:\/\/www.amatin.ch\/en\/wp-json\/wp\/v2\/types\/post"}],"author":[{"embeddable":true,"href":"https:\/\/www.amatin.ch\/en\/wp-json\/wp\/v2\/users\/1"}],"replies":[{"embeddable":true,"href":"https:\/\/www.amatin.ch\/en\/wp-json\/wp\/v2\/comments?post=1448"}],"version-history":[{"count":0,"href":"https:\/\/www.amatin.ch\/en\/wp-json\/wp\/v2\/posts\/1448\/revisions"}],"wp:featuredmedia":[{"embeddable":true,"href":"https:\/\/www.amatin.ch\/en\/wp-json\/wp\/v2\/media\/1321"}],"wp:attachment":[{"href":"https:\/\/www.amatin.ch\/en\/wp-json\/wp\/v2\/media?parent=1448"}],"wp:term":[{"taxonomy":"category","embeddable":true,"href":"https:\/\/www.amatin.ch\/en\/wp-json\/wp\/v2\/categories?post=1448"},{"taxonomy":"post_tag","embeddable":true,"href":"https:\/\/www.amatin.ch\/en\/wp-json\/wp\/v2\/tags?post=1448"}],"curies":[{"name":"wp","href":"https:\/\/api.w.org\/{rel}","templated":true}]}}