{"id":1441,"date":"2017-06-07T21:47:24","date_gmt":"2017-06-07T21:47:24","guid":{"rendered":"https:\/\/www.amatin.ch\/die-aenderungs-kuendigung-im-arbeitsverhaeltnis\/"},"modified":"2022-11-01T11:43:24","modified_gmt":"2022-11-01T10:43:24","slug":"die-aenderungs-kuendigung-im-arbeitsverhaeltnis","status":"publish","type":"post","link":"https:\/\/www.amatin.ch\/en\/news\/die-aenderungs-kuendigung-im-arbeitsverhaeltnis\/","title":{"rendered":"Die \u00c4nderungs-K\u00fcndigung im Arbeitsverh\u00e4ltnis"},"content":{"rendered":"\n<p>Kann der Arbeitgeber neue, den Arbeitnehmer im Verh\u00e4ltnis zu seinem bisherigen Vertrag schlechter stellende Anstellungsbedingungen durch Androhung einer K\u00fcndigung durchsetzen? Dies wird von Arbeitnehmern oftmals als n\u00f6tigend erachtet und es wird die Rechtm\u00e4ssigkeit eines solchen Vorgehens in Frage gestellt. Zu Recht?&nbsp;<\/p>\n\n\n\n<p>Im Gegensatz etwa zum Mietrecht, wo der Vermieter einseitige Vertrags\u00e4nderungen zu Lasten des Mieters nicht ohne weiteres durchsetzen kann, wird die \u00c4nderungsk\u00fcndigung im Arbeitsrecht grunds\u00e4tzlich als zul\u00e4ssig erachtet. Allerdings hat das Bundesgericht verschiedene Konstellationen anerkannt, in denen eine \u00c4nderungsk\u00fcndigung als missbr\u00e4uchlich erachtet wird.&nbsp;<\/p>\n\n\n\n<p>Dies ist zum einen dann der Fall, wenn es keine sachlichen betrieblichen oder marktbedingten Gr\u00fcnde gibt, welche die Einf\u00fchrung der ung\u00fcnstigeren Arbeitsbedingungen rechtfertigen w\u00fcrden. Das Fehlen solcher Gr\u00fcnde muss allerdings vom Arbeitnehmer bewiesen werden, was sich als fast unm\u00f6glich erweisen kann. Des Weiteren ist zu beachten, dass die ver\u00e4nderten Vertragsbedingungen zwingend erst nach Ablauf der ordentlichen K\u00fcndigungsfrist zum Tragen kommen d\u00fcrfen, da bei Weigerung durch den Arbeitnehmer, die ver\u00e4nderten Bedingungen zu akzeptieren, eine sogenannte &#8220;Rachek\u00fcndigung&#8221; vorliegen k\u00f6nnte. Zudem kann sich die Missbr\u00e4uchlichkeit daraus ergeben, dass die Voraussetzungen einer Massenentlassung vorliegen, die entsprechenden Mitwirkungsrechte der Arbeitnehmer aber unber\u00fccksichtigt bleiben.&nbsp;&nbsp;&nbsp;&nbsp;&nbsp;&nbsp;<\/p>\n\n\n\n<p>Die Missbr\u00e4uchlichkeit einer K\u00fcndigung f\u00fchrt aber nicht zu deren Ung\u00fcltigkeit. Die K\u00fcndigung ist rechtlich unbeschr\u00e4nkt wirksam. Allerdings erh\u00e4lt die Partei, der missbr\u00e4uchlich gek\u00fcndigt wird, einen Anspruch auf eine Entsch\u00e4digungszahlung von maximal 6 Monatsl\u00f6hnen sowie einen weitergehenden Schadenersatzanspruch.&nbsp;<\/p>\n\n\n\n<p>Sollte Ihr Interesse geweckt sein, so stehen wir Ihnen bei weitergehenden Fragen zum Thema \u00c4nderungsk\u00fcndigung oder sonstiger Fragen des Arbeitsrechts gerne zur Verf\u00fcgung.<\/p>\n","protected":false},"excerpt":{"rendered":"<p>Kann der Arbeitgeber neue, den Arbeitnehmer im Verh\u00e4ltnis zu seinem bisherigen Vertrag schlechter stellende Anstellungsbedingungen durch Androhung einer K\u00fcndigung durchsetzen? Dies wird von Arbeitnehmern oftmals als n\u00f6tigend erachtet und es wird die Rechtm\u00e4ssigkeit eines solchen Vorgehens in Frage gestellt. Zu Recht?&nbsp; Im Gegensatz etwa zum Mietrecht, wo der Vermieter einseitige Vertrags\u00e4nderungen zu Lasten des Mieters [&hellip;]<\/p>\n","protected":false},"author":1,"featured_media":1131,"comment_status":"open","ping_status":"open","sticky":false,"template":"","format":"standard","meta":{"_acf_changed":false,"footnotes":""},"categories":[3,8],"tags":[36,37,15,41,70,80],"class_list":["post-1441","post","type-post","status-publish","format-standard","has-post-thumbnail","","category-employment-law","category-sme","tag-arbeitgeber","tag-arbeitnehmer","tag-arbeitsrecht","tag-arbeitsvertrag","tag-hr","tag-kuendigung"],"acf":[],"yoast_head":"<!-- This site is optimized with the Yoast SEO plugin v27.5 - https:\/\/yoast.com\/product\/yoast-seo-wordpress\/ -->\n<title>Die \u00c4nderungs-K\u00fcndigung im Arbeitsverh\u00e4ltnis - AMATIN<\/title>\n<meta name=\"robots\" content=\"index, follow, max-snippet:-1, max-image-preview:large, max-video-preview:-1\" \/>\n<link rel=\"canonical\" href=\"https:\/\/www.amatin.ch\/en\/news\/die-aenderungs-kuendigung-im-arbeitsverhaeltnis\/\" \/>\n<meta property=\"og:locale\" content=\"en_US\" \/>\n<meta property=\"og:type\" content=\"article\" \/>\n<meta property=\"og:title\" content=\"Die \u00c4nderungs-K\u00fcndigung im Arbeitsverh\u00e4ltnis - AMATIN\" \/>\n<meta property=\"og:description\" content=\"Kann der Arbeitgeber neue, den Arbeitnehmer im Verh\u00e4ltnis zu seinem bisherigen Vertrag schlechter stellende Anstellungsbedingungen durch Androhung einer K\u00fcndigung durchsetzen? Dies wird von Arbeitnehmern oftmals als n\u00f6tigend erachtet und es wird die Rechtm\u00e4ssigkeit eines solchen Vorgehens in Frage gestellt. Zu Recht?&nbsp; Im Gegensatz etwa zum Mietrecht, wo der Vermieter einseitige Vertrags\u00e4nderungen zu Lasten des Mieters [&hellip;]\" \/>\n<meta property=\"og:url\" content=\"https:\/\/www.amatin.ch\/en\/news\/die-aenderungs-kuendigung-im-arbeitsverhaeltnis\/\" \/>\n<meta property=\"og:site_name\" content=\"AMATIN\" \/>\n<meta property=\"article:published_time\" content=\"2017-06-07T21:47:24+00:00\" \/>\n<meta property=\"article:modified_time\" content=\"2022-11-01T10:43:24+00:00\" \/>\n<meta property=\"og:image\" content=\"https:\/\/www.amatin.ch\/wp-content\/uploads\/2020\/10\/Kundigung_Arbeitsvertrag.jpg\" \/>\n\t<meta property=\"og:image:width\" content=\"142\" \/>\n\t<meta property=\"og:image:height\" content=\"94\" \/>\n\t<meta property=\"og:image:type\" content=\"image\/jpeg\" \/>\n<meta name=\"author\" content=\"admin\" \/>\n<meta name=\"twitter:card\" content=\"summary_large_image\" \/>\n<script type=\"application\/ld+json\" class=\"yoast-schema-graph\">{\"@context\":\"https:\\\/\\\/schema.org\",\"@graph\":[{\"@type\":\"Article\",\"@id\":\"https:\\\/\\\/www.amatin.ch\\\/en\\\/news\\\/die-aenderungs-kuendigung-im-arbeitsverhaeltnis\\\/#article\",\"isPartOf\":{\"@id\":\"https:\\\/\\\/www.amatin.ch\\\/en\\\/news\\\/die-aenderungs-kuendigung-im-arbeitsverhaeltnis\\\/\"},\"author\":{\"name\":\"admin\",\"@id\":\"https:\\\/\\\/www.amatin.ch\\\/en\\\/#\\\/schema\\\/person\\\/e88fe9de1a844087a078278c638efb74\"},\"headline\":\"Die \u00c4nderungs-K\u00fcndigung im Arbeitsverh\u00e4ltnis\",\"datePublished\":\"2017-06-07T21:47:24+00:00\",\"dateModified\":\"2022-11-01T10:43:24+00:00\",\"mainEntityOfPage\":{\"@id\":\"https:\\\/\\\/www.amatin.ch\\\/en\\\/news\\\/die-aenderungs-kuendigung-im-arbeitsverhaeltnis\\\/\"},\"wordCount\":293,\"commentCount\":0,\"image\":{\"@id\":\"https:\\\/\\\/www.amatin.ch\\\/en\\\/news\\\/die-aenderungs-kuendigung-im-arbeitsverhaeltnis\\\/#primaryimage\"},\"thumbnailUrl\":\"https:\\\/\\\/www.amatin.ch\\\/wp-content\\\/uploads\\\/2020\\\/10\\\/Kundigung_Arbeitsvertrag.jpg\",\"keywords\":[\"Arbeitgeber\",\"Arbeitnehmer\",\"Arbeitsrecht\",\"Arbeitsvertrag\",\"HR\",\"K\u00fcndigung\"],\"articleSection\":[\"Employment Law\",\"SME\"],\"inLanguage\":\"en-US\",\"potentialAction\":[{\"@type\":\"CommentAction\",\"name\":\"Comment\",\"target\":[\"https:\\\/\\\/www.amatin.ch\\\/en\\\/news\\\/die-aenderungs-kuendigung-im-arbeitsverhaeltnis\\\/#respond\"]}]},{\"@type\":\"WebPage\",\"@id\":\"https:\\\/\\\/www.amatin.ch\\\/en\\\/news\\\/die-aenderungs-kuendigung-im-arbeitsverhaeltnis\\\/\",\"url\":\"https:\\\/\\\/www.amatin.ch\\\/en\\\/news\\\/die-aenderungs-kuendigung-im-arbeitsverhaeltnis\\\/\",\"name\":\"Die \u00c4nderungs-K\u00fcndigung im Arbeitsverh\u00e4ltnis - AMATIN\",\"isPartOf\":{\"@id\":\"https:\\\/\\\/www.amatin.ch\\\/en\\\/#website\"},\"primaryImageOfPage\":{\"@id\":\"https:\\\/\\\/www.amatin.ch\\\/en\\\/news\\\/die-aenderungs-kuendigung-im-arbeitsverhaeltnis\\\/#primaryimage\"},\"image\":{\"@id\":\"https:\\\/\\\/www.amatin.ch\\\/en\\\/news\\\/die-aenderungs-kuendigung-im-arbeitsverhaeltnis\\\/#primaryimage\"},\"thumbnailUrl\":\"https:\\\/\\\/www.amatin.ch\\\/wp-content\\\/uploads\\\/2020\\\/10\\\/Kundigung_Arbeitsvertrag.jpg\",\"datePublished\":\"2017-06-07T21:47:24+00:00\",\"dateModified\":\"2022-11-01T10:43:24+00:00\",\"author\":{\"@id\":\"https:\\\/\\\/www.amatin.ch\\\/en\\\/#\\\/schema\\\/person\\\/e88fe9de1a844087a078278c638efb74\"},\"breadcrumb\":{\"@id\":\"https:\\\/\\\/www.amatin.ch\\\/en\\\/news\\\/die-aenderungs-kuendigung-im-arbeitsverhaeltnis\\\/#breadcrumb\"},\"inLanguage\":\"en-US\",\"potentialAction\":[{\"@type\":\"ReadAction\",\"target\":[\"https:\\\/\\\/www.amatin.ch\\\/en\\\/news\\\/die-aenderungs-kuendigung-im-arbeitsverhaeltnis\\\/\"]}]},{\"@type\":\"ImageObject\",\"inLanguage\":\"en-US\",\"@id\":\"https:\\\/\\\/www.amatin.ch\\\/en\\\/news\\\/die-aenderungs-kuendigung-im-arbeitsverhaeltnis\\\/#primaryimage\",\"url\":\"https:\\\/\\\/www.amatin.ch\\\/wp-content\\\/uploads\\\/2020\\\/10\\\/Kundigung_Arbeitsvertrag.jpg\",\"contentUrl\":\"https:\\\/\\\/www.amatin.ch\\\/wp-content\\\/uploads\\\/2020\\\/10\\\/Kundigung_Arbeitsvertrag.jpg\",\"width\":142,\"height\":94},{\"@type\":\"BreadcrumbList\",\"@id\":\"https:\\\/\\\/www.amatin.ch\\\/en\\\/news\\\/die-aenderungs-kuendigung-im-arbeitsverhaeltnis\\\/#breadcrumb\",\"itemListElement\":[{\"@type\":\"ListItem\",\"position\":1,\"name\":\"Home\",\"item\":\"https:\\\/\\\/www.amatin.ch\\\/en\\\/\"},{\"@type\":\"ListItem\",\"position\":2,\"name\":\"Die \u00c4nderungs-K\u00fcndigung im Arbeitsverh\u00e4ltnis\"}]},{\"@type\":\"WebSite\",\"@id\":\"https:\\\/\\\/www.amatin.ch\\\/en\\\/#website\",\"url\":\"https:\\\/\\\/www.amatin.ch\\\/en\\\/\",\"name\":\"AMATIN\",\"description\":\"\",\"potentialAction\":[{\"@type\":\"SearchAction\",\"target\":{\"@type\":\"EntryPoint\",\"urlTemplate\":\"https:\\\/\\\/www.amatin.ch\\\/en\\\/?s={search_term_string}\"},\"query-input\":{\"@type\":\"PropertyValueSpecification\",\"valueRequired\":true,\"valueName\":\"search_term_string\"}}],\"inLanguage\":\"en-US\"},{\"@type\":\"Person\",\"@id\":\"https:\\\/\\\/www.amatin.ch\\\/en\\\/#\\\/schema\\\/person\\\/e88fe9de1a844087a078278c638efb74\",\"name\":\"admin\",\"image\":{\"@type\":\"ImageObject\",\"inLanguage\":\"en-US\",\"@id\":\"https:\\\/\\\/secure.gravatar.com\\\/avatar\\\/c08d72df3876be26e60b8de538e514b77f421b1b2889e6d1bd788b6d134b40eb?s=96&d=mm&r=g\",\"url\":\"https:\\\/\\\/secure.gravatar.com\\\/avatar\\\/c08d72df3876be26e60b8de538e514b77f421b1b2889e6d1bd788b6d134b40eb?s=96&d=mm&r=g\",\"contentUrl\":\"https:\\\/\\\/secure.gravatar.com\\\/avatar\\\/c08d72df3876be26e60b8de538e514b77f421b1b2889e6d1bd788b6d134b40eb?s=96&d=mm&r=g\",\"caption\":\"admin\"},\"sameAs\":[\"https:\\\/\\\/www.amatin.ch\"],\"url\":\"https:\\\/\\\/www.amatin.ch\\\/en\\\/news\\\/author\\\/admin\\\/\"}]}<\/script>\n<!-- \/ Yoast SEO plugin. -->","yoast_head_json":{"title":"Die \u00c4nderungs-K\u00fcndigung im Arbeitsverh\u00e4ltnis - AMATIN","robots":{"index":"index","follow":"follow","max-snippet":"max-snippet:-1","max-image-preview":"max-image-preview:large","max-video-preview":"max-video-preview:-1"},"canonical":"https:\/\/www.amatin.ch\/en\/news\/die-aenderungs-kuendigung-im-arbeitsverhaeltnis\/","og_locale":"en_US","og_type":"article","og_title":"Die \u00c4nderungs-K\u00fcndigung im Arbeitsverh\u00e4ltnis - AMATIN","og_description":"Kann der Arbeitgeber neue, den Arbeitnehmer im Verh\u00e4ltnis zu seinem bisherigen Vertrag schlechter stellende Anstellungsbedingungen durch Androhung einer K\u00fcndigung durchsetzen? Dies wird von Arbeitnehmern oftmals als n\u00f6tigend erachtet und es wird die Rechtm\u00e4ssigkeit eines solchen Vorgehens in Frage gestellt. Zu Recht?&nbsp; Im Gegensatz etwa zum Mietrecht, wo der Vermieter einseitige Vertrags\u00e4nderungen zu Lasten des Mieters [&hellip;]","og_url":"https:\/\/www.amatin.ch\/en\/news\/die-aenderungs-kuendigung-im-arbeitsverhaeltnis\/","og_site_name":"AMATIN","article_published_time":"2017-06-07T21:47:24+00:00","article_modified_time":"2022-11-01T10:43:24+00:00","og_image":[{"width":142,"height":94,"url":"https:\/\/www.amatin.ch\/wp-content\/uploads\/2020\/10\/Kundigung_Arbeitsvertrag.jpg","type":"image\/jpeg"}],"author":"admin","twitter_card":"summary_large_image","schema":{"@context":"https:\/\/schema.org","@graph":[{"@type":"Article","@id":"https:\/\/www.amatin.ch\/en\/news\/die-aenderungs-kuendigung-im-arbeitsverhaeltnis\/#article","isPartOf":{"@id":"https:\/\/www.amatin.ch\/en\/news\/die-aenderungs-kuendigung-im-arbeitsverhaeltnis\/"},"author":{"name":"admin","@id":"https:\/\/www.amatin.ch\/en\/#\/schema\/person\/e88fe9de1a844087a078278c638efb74"},"headline":"Die \u00c4nderungs-K\u00fcndigung im Arbeitsverh\u00e4ltnis","datePublished":"2017-06-07T21:47:24+00:00","dateModified":"2022-11-01T10:43:24+00:00","mainEntityOfPage":{"@id":"https:\/\/www.amatin.ch\/en\/news\/die-aenderungs-kuendigung-im-arbeitsverhaeltnis\/"},"wordCount":293,"commentCount":0,"image":{"@id":"https:\/\/www.amatin.ch\/en\/news\/die-aenderungs-kuendigung-im-arbeitsverhaeltnis\/#primaryimage"},"thumbnailUrl":"https:\/\/www.amatin.ch\/wp-content\/uploads\/2020\/10\/Kundigung_Arbeitsvertrag.jpg","keywords":["Arbeitgeber","Arbeitnehmer","Arbeitsrecht","Arbeitsvertrag","HR","K\u00fcndigung"],"articleSection":["Employment Law","SME"],"inLanguage":"en-US","potentialAction":[{"@type":"CommentAction","name":"Comment","target":["https:\/\/www.amatin.ch\/en\/news\/die-aenderungs-kuendigung-im-arbeitsverhaeltnis\/#respond"]}]},{"@type":"WebPage","@id":"https:\/\/www.amatin.ch\/en\/news\/die-aenderungs-kuendigung-im-arbeitsverhaeltnis\/","url":"https:\/\/www.amatin.ch\/en\/news\/die-aenderungs-kuendigung-im-arbeitsverhaeltnis\/","name":"Die \u00c4nderungs-K\u00fcndigung im Arbeitsverh\u00e4ltnis - AMATIN","isPartOf":{"@id":"https:\/\/www.amatin.ch\/en\/#website"},"primaryImageOfPage":{"@id":"https:\/\/www.amatin.ch\/en\/news\/die-aenderungs-kuendigung-im-arbeitsverhaeltnis\/#primaryimage"},"image":{"@id":"https:\/\/www.amatin.ch\/en\/news\/die-aenderungs-kuendigung-im-arbeitsverhaeltnis\/#primaryimage"},"thumbnailUrl":"https:\/\/www.amatin.ch\/wp-content\/uploads\/2020\/10\/Kundigung_Arbeitsvertrag.jpg","datePublished":"2017-06-07T21:47:24+00:00","dateModified":"2022-11-01T10:43:24+00:00","author":{"@id":"https:\/\/www.amatin.ch\/en\/#\/schema\/person\/e88fe9de1a844087a078278c638efb74"},"breadcrumb":{"@id":"https:\/\/www.amatin.ch\/en\/news\/die-aenderungs-kuendigung-im-arbeitsverhaeltnis\/#breadcrumb"},"inLanguage":"en-US","potentialAction":[{"@type":"ReadAction","target":["https:\/\/www.amatin.ch\/en\/news\/die-aenderungs-kuendigung-im-arbeitsverhaeltnis\/"]}]},{"@type":"ImageObject","inLanguage":"en-US","@id":"https:\/\/www.amatin.ch\/en\/news\/die-aenderungs-kuendigung-im-arbeitsverhaeltnis\/#primaryimage","url":"https:\/\/www.amatin.ch\/wp-content\/uploads\/2020\/10\/Kundigung_Arbeitsvertrag.jpg","contentUrl":"https:\/\/www.amatin.ch\/wp-content\/uploads\/2020\/10\/Kundigung_Arbeitsvertrag.jpg","width":142,"height":94},{"@type":"BreadcrumbList","@id":"https:\/\/www.amatin.ch\/en\/news\/die-aenderungs-kuendigung-im-arbeitsverhaeltnis\/#breadcrumb","itemListElement":[{"@type":"ListItem","position":1,"name":"Home","item":"https:\/\/www.amatin.ch\/en\/"},{"@type":"ListItem","position":2,"name":"Die \u00c4nderungs-K\u00fcndigung im Arbeitsverh\u00e4ltnis"}]},{"@type":"WebSite","@id":"https:\/\/www.amatin.ch\/en\/#website","url":"https:\/\/www.amatin.ch\/en\/","name":"AMATIN","description":"","potentialAction":[{"@type":"SearchAction","target":{"@type":"EntryPoint","urlTemplate":"https:\/\/www.amatin.ch\/en\/?s={search_term_string}"},"query-input":{"@type":"PropertyValueSpecification","valueRequired":true,"valueName":"search_term_string"}}],"inLanguage":"en-US"},{"@type":"Person","@id":"https:\/\/www.amatin.ch\/en\/#\/schema\/person\/e88fe9de1a844087a078278c638efb74","name":"admin","image":{"@type":"ImageObject","inLanguage":"en-US","@id":"https:\/\/secure.gravatar.com\/avatar\/c08d72df3876be26e60b8de538e514b77f421b1b2889e6d1bd788b6d134b40eb?s=96&d=mm&r=g","url":"https:\/\/secure.gravatar.com\/avatar\/c08d72df3876be26e60b8de538e514b77f421b1b2889e6d1bd788b6d134b40eb?s=96&d=mm&r=g","contentUrl":"https:\/\/secure.gravatar.com\/avatar\/c08d72df3876be26e60b8de538e514b77f421b1b2889e6d1bd788b6d134b40eb?s=96&d=mm&r=g","caption":"admin"},"sameAs":["https:\/\/www.amatin.ch"],"url":"https:\/\/www.amatin.ch\/en\/news\/author\/admin\/"}]}},"_links":{"self":[{"href":"https:\/\/www.amatin.ch\/en\/wp-json\/wp\/v2\/posts\/1441","targetHints":{"allow":["GET"]}}],"collection":[{"href":"https:\/\/www.amatin.ch\/en\/wp-json\/wp\/v2\/posts"}],"about":[{"href":"https:\/\/www.amatin.ch\/en\/wp-json\/wp\/v2\/types\/post"}],"author":[{"embeddable":true,"href":"https:\/\/www.amatin.ch\/en\/wp-json\/wp\/v2\/users\/1"}],"replies":[{"embeddable":true,"href":"https:\/\/www.amatin.ch\/en\/wp-json\/wp\/v2\/comments?post=1441"}],"version-history":[{"count":1,"href":"https:\/\/www.amatin.ch\/en\/wp-json\/wp\/v2\/posts\/1441\/revisions"}],"predecessor-version":[{"id":5840,"href":"https:\/\/www.amatin.ch\/en\/wp-json\/wp\/v2\/posts\/1441\/revisions\/5840"}],"wp:featuredmedia":[{"embeddable":true,"href":"https:\/\/www.amatin.ch\/en\/wp-json\/wp\/v2\/media\/1131"}],"wp:attachment":[{"href":"https:\/\/www.amatin.ch\/en\/wp-json\/wp\/v2\/media?parent=1441"}],"wp:term":[{"taxonomy":"category","embeddable":true,"href":"https:\/\/www.amatin.ch\/en\/wp-json\/wp\/v2\/categories?post=1441"},{"taxonomy":"post_tag","embeddable":true,"href":"https:\/\/www.amatin.ch\/en\/wp-json\/wp\/v2\/tags?post=1441"}],"curies":[{"name":"wp","href":"https:\/\/api.w.org\/{rel}","templated":true}]}}