{"id":1435,"date":"2017-08-03T08:05:07","date_gmt":"2017-08-03T08:05:07","guid":{"rendered":"https:\/\/www.amatin.ch\/je-hoeher-der-zaun-desto-besser-die-nachbarschaft\/"},"modified":"2020-11-27T15:46:54","modified_gmt":"2020-11-27T15:46:54","slug":"je-hoeher-der-zaun-desto-besser-die-nachbarschaft","status":"publish","type":"post","link":"https:\/\/www.amatin.ch\/en\/news\/je-hoeher-der-zaun-desto-besser-die-nachbarschaft\/","title":{"rendered":"The higher the fence, the better the neighborhood?"},"content":{"rendered":"\n<p>Sie geniessen mit Freunden einen lauen Sommerabend auf ihrem durch eine Hecke gesch\u00fctzten Gartensitzplatz. Erst jetzt f\u00e4llt auf, dass die Thuja-Hecke, welche seit jeher Sichtschutz bot, von den Nachbarn gef\u00e4llt wurde.&nbsp;<\/p>\n\n\n\n<p>&#8220;Kein Problem. Dann m\u00fcssen wir eben auf unserem Grundst\u00fcck eine neue Hecke pflanzen&#8221;, mag sich manch einer denken. Doch wird das Projekt j\u00e4h gestoppt: die noch immer im Boden steckenden Wurzeln der Thuja-Hecke, die vom Nachbarsgrundst\u00fcck in Ihr Grundst\u00fcck gewachsen sind, verhindern eine Bepflanzung. Der Nachbar weigert sich, die Wurzeln zu entfernen oder zu einer sonstigen einvernehmlichen L\u00f6sung Hand zu bieten. Was nun?&nbsp;<\/p>\n\n\n\n<p>Das Gesetz gibt dem Grundeigent\u00fcmer verschiedene Rechtsbehelfe. Doch nicht immer ist klar, wie man am besten zu seinem Recht kommt. So unterscheiden sich die Rechtsbehelfe etwa in Fragen der Verj\u00e4hrung und betreffend dem, was vom St\u00f6rer verlangt werden kann.&nbsp;<\/p>\n\n\n\n<p>Das ZGB sieht etwa ein sogenanntes Kapprecht vor. Dieses darf aber nur in Anspruch genommen werden, wenn die eindringenden Wurzeln das Eigentum besch\u00e4digt haben. Zudem muss dem Nachbarn eine angemessene Frist gesetzt werden, innert welcher er selbst die Sch\u00e4digung beheben kann. Letztlich bleibt man beim Kapprecht grunds\u00e4tzlich auf den Kosten der Beseitigung der St\u00f6rung sitzen; dass man die abgetrennten Wurzeln behalten darf, d\u00fcrfte f\u00fcr die meisten kein Trost sein.&nbsp;<\/p>\n\n\n\n<p>Eine sogenannte Eigentumsfreiheitsklage oder eine nachbarrechtliche Klage sind weitere M\u00f6glichkeiten. Diese w\u00e4ren dann gegeben, wenn der Nachbar unrechtm\u00e4ssig ins Eigentum eingegriffen oder seine Nutzungsrechte \u00fcberschritten hat.&nbsp;<\/p>\n\n\n\n<p>Eine gute nachbarschaftliche Beziehung ist Gold wert. Wird diese beeintr\u00e4chtigt, ist das Eskalationsmanagement gefordert. Die Erlangung eines f\u00fcr beide Seiten gesichtswahrenden Einvernehmens ist auch hier das Ziel.&nbsp;<\/p>\n\n\n\n<p>&#8220;<strong>The essence in a nutshell<\/strong>: The higher the fence, the better the neighbourly relationship.&#8221;<\/p>\n","protected":false},"excerpt":{"rendered":"<p>Sie geniessen mit Freunden einen lauen Sommerabend auf ihrem durch eine Hecke gesch\u00fctzten Gartensitzplatz. Erst jetzt f\u00e4llt auf, dass die Thuja-Hecke, welche seit jeher Sichtschutz bot, von den Nachbarn gef\u00e4llt wurde.&nbsp; &#8220;Kein Problem. Dann m\u00fcssen wir eben auf unserem Grundst\u00fcck eine neue Hecke pflanzen&#8221;, mag sich manch einer denken. Doch wird das Projekt j\u00e4h gestoppt: [&hellip;]<\/p>\n","protected":false},"author":1,"featured_media":1305,"comment_status":"open","ping_status":"open","sticky":false,"template":"","format":"standard","meta":{"_acf_changed":false,"footnotes":""},"categories":[9,383],"tags":[153],"class_list":["post-1435","post","type-post","status-publish","format-standard","has-post-thumbnail","","category-private-clients","category-real-estate-en","tag-nachbarrecht"],"acf":[],"yoast_head":"<!-- This site is optimized with the Yoast SEO plugin v27.5 - https:\/\/yoast.com\/product\/yoast-seo-wordpress\/ -->\n<title>The higher the fence, the better the neighborhood? - AMATIN<\/title>\n<meta name=\"robots\" content=\"index, follow, max-snippet:-1, max-image-preview:large, max-video-preview:-1\" \/>\n<link rel=\"canonical\" href=\"https:\/\/www.amatin.ch\/en\/news\/je-hoeher-der-zaun-desto-besser-die-nachbarschaft\/\" \/>\n<meta property=\"og:locale\" content=\"en_US\" \/>\n<meta property=\"og:type\" content=\"article\" \/>\n<meta property=\"og:title\" content=\"The higher the fence, the better the neighborhood? - AMATIN\" \/>\n<meta property=\"og:description\" content=\"Sie geniessen mit Freunden einen lauen Sommerabend auf ihrem durch eine Hecke gesch\u00fctzten Gartensitzplatz. Erst jetzt f\u00e4llt auf, dass die Thuja-Hecke, welche seit jeher Sichtschutz bot, von den Nachbarn gef\u00e4llt wurde.&nbsp; &#8220;Kein Problem. Dann m\u00fcssen wir eben auf unserem Grundst\u00fcck eine neue Hecke pflanzen&#8221;, mag sich manch einer denken. Doch wird das Projekt j\u00e4h gestoppt: [&hellip;]\" \/>\n<meta property=\"og:url\" content=\"https:\/\/www.amatin.ch\/en\/news\/je-hoeher-der-zaun-desto-besser-die-nachbarschaft\/\" \/>\n<meta property=\"og:site_name\" content=\"AMATIN\" \/>\n<meta property=\"article:published_time\" content=\"2017-08-03T08:05:07+00:00\" \/>\n<meta property=\"article:modified_time\" content=\"2020-11-27T15:46:54+00:00\" \/>\n<meta property=\"og:image\" content=\"https:\/\/www.amatin.ch\/wp-content\/uploads\/2020\/10\/Nachbarschaftsstreit.jpg\" \/>\n\t<meta property=\"og:image:width\" content=\"640\" \/>\n\t<meta property=\"og:image:height\" content=\"426\" \/>\n\t<meta property=\"og:image:type\" content=\"image\/jpeg\" \/>\n<meta name=\"author\" content=\"admin\" \/>\n<meta name=\"twitter:card\" content=\"summary_large_image\" \/>\n<script type=\"application\/ld+json\" class=\"yoast-schema-graph\">{\"@context\":\"https:\\\/\\\/schema.org\",\"@graph\":[{\"@type\":\"Article\",\"@id\":\"https:\\\/\\\/www.amatin.ch\\\/en\\\/news\\\/je-hoeher-der-zaun-desto-besser-die-nachbarschaft\\\/#article\",\"isPartOf\":{\"@id\":\"https:\\\/\\\/www.amatin.ch\\\/en\\\/news\\\/je-hoeher-der-zaun-desto-besser-die-nachbarschaft\\\/\"},\"author\":{\"name\":\"admin\",\"@id\":\"https:\\\/\\\/www.amatin.ch\\\/en\\\/#\\\/schema\\\/person\\\/e88fe9de1a844087a078278c638efb74\"},\"headline\":\"The higher the fence, the better the neighborhood?\",\"datePublished\":\"2017-08-03T08:05:07+00:00\",\"dateModified\":\"2020-11-27T15:46:54+00:00\",\"mainEntityOfPage\":{\"@id\":\"https:\\\/\\\/www.amatin.ch\\\/en\\\/news\\\/je-hoeher-der-zaun-desto-besser-die-nachbarschaft\\\/\"},\"wordCount\":306,\"commentCount\":0,\"image\":{\"@id\":\"https:\\\/\\\/www.amatin.ch\\\/en\\\/news\\\/je-hoeher-der-zaun-desto-besser-die-nachbarschaft\\\/#primaryimage\"},\"thumbnailUrl\":\"https:\\\/\\\/www.amatin.ch\\\/wp-content\\\/uploads\\\/2020\\\/10\\\/Nachbarschaftsstreit.jpg\",\"keywords\":[\"Nachbarrecht\"],\"articleSection\":[\"Private Clients\",\"Real Estate\"],\"inLanguage\":\"en-US\",\"potentialAction\":[{\"@type\":\"CommentAction\",\"name\":\"Comment\",\"target\":[\"https:\\\/\\\/www.amatin.ch\\\/en\\\/news\\\/je-hoeher-der-zaun-desto-besser-die-nachbarschaft\\\/#respond\"]}]},{\"@type\":\"WebPage\",\"@id\":\"https:\\\/\\\/www.amatin.ch\\\/en\\\/news\\\/je-hoeher-der-zaun-desto-besser-die-nachbarschaft\\\/\",\"url\":\"https:\\\/\\\/www.amatin.ch\\\/en\\\/news\\\/je-hoeher-der-zaun-desto-besser-die-nachbarschaft\\\/\",\"name\":\"The higher the fence, the better the neighborhood? - AMATIN\",\"isPartOf\":{\"@id\":\"https:\\\/\\\/www.amatin.ch\\\/en\\\/#website\"},\"primaryImageOfPage\":{\"@id\":\"https:\\\/\\\/www.amatin.ch\\\/en\\\/news\\\/je-hoeher-der-zaun-desto-besser-die-nachbarschaft\\\/#primaryimage\"},\"image\":{\"@id\":\"https:\\\/\\\/www.amatin.ch\\\/en\\\/news\\\/je-hoeher-der-zaun-desto-besser-die-nachbarschaft\\\/#primaryimage\"},\"thumbnailUrl\":\"https:\\\/\\\/www.amatin.ch\\\/wp-content\\\/uploads\\\/2020\\\/10\\\/Nachbarschaftsstreit.jpg\",\"datePublished\":\"2017-08-03T08:05:07+00:00\",\"dateModified\":\"2020-11-27T15:46:54+00:00\",\"author\":{\"@id\":\"https:\\\/\\\/www.amatin.ch\\\/en\\\/#\\\/schema\\\/person\\\/e88fe9de1a844087a078278c638efb74\"},\"breadcrumb\":{\"@id\":\"https:\\\/\\\/www.amatin.ch\\\/en\\\/news\\\/je-hoeher-der-zaun-desto-besser-die-nachbarschaft\\\/#breadcrumb\"},\"inLanguage\":\"en-US\",\"potentialAction\":[{\"@type\":\"ReadAction\",\"target\":[\"https:\\\/\\\/www.amatin.ch\\\/en\\\/news\\\/je-hoeher-der-zaun-desto-besser-die-nachbarschaft\\\/\"]}]},{\"@type\":\"ImageObject\",\"inLanguage\":\"en-US\",\"@id\":\"https:\\\/\\\/www.amatin.ch\\\/en\\\/news\\\/je-hoeher-der-zaun-desto-besser-die-nachbarschaft\\\/#primaryimage\",\"url\":\"https:\\\/\\\/www.amatin.ch\\\/wp-content\\\/uploads\\\/2020\\\/10\\\/Nachbarschaftsstreit.jpg\",\"contentUrl\":\"https:\\\/\\\/www.amatin.ch\\\/wp-content\\\/uploads\\\/2020\\\/10\\\/Nachbarschaftsstreit.jpg\",\"width\":640,\"height\":426},{\"@type\":\"BreadcrumbList\",\"@id\":\"https:\\\/\\\/www.amatin.ch\\\/en\\\/news\\\/je-hoeher-der-zaun-desto-besser-die-nachbarschaft\\\/#breadcrumb\",\"itemListElement\":[{\"@type\":\"ListItem\",\"position\":1,\"name\":\"Home\",\"item\":\"https:\\\/\\\/www.amatin.ch\\\/en\\\/\"},{\"@type\":\"ListItem\",\"position\":2,\"name\":\"The higher the fence, the better the neighborhood?\"}]},{\"@type\":\"WebSite\",\"@id\":\"https:\\\/\\\/www.amatin.ch\\\/en\\\/#website\",\"url\":\"https:\\\/\\\/www.amatin.ch\\\/en\\\/\",\"name\":\"AMATIN\",\"description\":\"\",\"potentialAction\":[{\"@type\":\"SearchAction\",\"target\":{\"@type\":\"EntryPoint\",\"urlTemplate\":\"https:\\\/\\\/www.amatin.ch\\\/en\\\/?s={search_term_string}\"},\"query-input\":{\"@type\":\"PropertyValueSpecification\",\"valueRequired\":true,\"valueName\":\"search_term_string\"}}],\"inLanguage\":\"en-US\"},{\"@type\":\"Person\",\"@id\":\"https:\\\/\\\/www.amatin.ch\\\/en\\\/#\\\/schema\\\/person\\\/e88fe9de1a844087a078278c638efb74\",\"name\":\"admin\",\"image\":{\"@type\":\"ImageObject\",\"inLanguage\":\"en-US\",\"@id\":\"https:\\\/\\\/secure.gravatar.com\\\/avatar\\\/c08d72df3876be26e60b8de538e514b77f421b1b2889e6d1bd788b6d134b40eb?s=96&d=mm&r=g\",\"url\":\"https:\\\/\\\/secure.gravatar.com\\\/avatar\\\/c08d72df3876be26e60b8de538e514b77f421b1b2889e6d1bd788b6d134b40eb?s=96&d=mm&r=g\",\"contentUrl\":\"https:\\\/\\\/secure.gravatar.com\\\/avatar\\\/c08d72df3876be26e60b8de538e514b77f421b1b2889e6d1bd788b6d134b40eb?s=96&d=mm&r=g\",\"caption\":\"admin\"},\"sameAs\":[\"https:\\\/\\\/www.amatin.ch\"],\"url\":\"https:\\\/\\\/www.amatin.ch\\\/en\\\/news\\\/author\\\/admin\\\/\"}]}<\/script>\n<!-- \/ Yoast SEO plugin. -->","yoast_head_json":{"title":"The higher the fence, the better the neighborhood? - AMATIN","robots":{"index":"index","follow":"follow","max-snippet":"max-snippet:-1","max-image-preview":"max-image-preview:large","max-video-preview":"max-video-preview:-1"},"canonical":"https:\/\/www.amatin.ch\/en\/news\/je-hoeher-der-zaun-desto-besser-die-nachbarschaft\/","og_locale":"en_US","og_type":"article","og_title":"The higher the fence, the better the neighborhood? - AMATIN","og_description":"Sie geniessen mit Freunden einen lauen Sommerabend auf ihrem durch eine Hecke gesch\u00fctzten Gartensitzplatz. Erst jetzt f\u00e4llt auf, dass die Thuja-Hecke, welche seit jeher Sichtschutz bot, von den Nachbarn gef\u00e4llt wurde.&nbsp; &#8220;Kein Problem. Dann m\u00fcssen wir eben auf unserem Grundst\u00fcck eine neue Hecke pflanzen&#8221;, mag sich manch einer denken. Doch wird das Projekt j\u00e4h gestoppt: [&hellip;]","og_url":"https:\/\/www.amatin.ch\/en\/news\/je-hoeher-der-zaun-desto-besser-die-nachbarschaft\/","og_site_name":"AMATIN","article_published_time":"2017-08-03T08:05:07+00:00","article_modified_time":"2020-11-27T15:46:54+00:00","og_image":[{"width":640,"height":426,"url":"https:\/\/www.amatin.ch\/wp-content\/uploads\/2020\/10\/Nachbarschaftsstreit.jpg","type":"image\/jpeg"}],"author":"admin","twitter_card":"summary_large_image","schema":{"@context":"https:\/\/schema.org","@graph":[{"@type":"Article","@id":"https:\/\/www.amatin.ch\/en\/news\/je-hoeher-der-zaun-desto-besser-die-nachbarschaft\/#article","isPartOf":{"@id":"https:\/\/www.amatin.ch\/en\/news\/je-hoeher-der-zaun-desto-besser-die-nachbarschaft\/"},"author":{"name":"admin","@id":"https:\/\/www.amatin.ch\/en\/#\/schema\/person\/e88fe9de1a844087a078278c638efb74"},"headline":"The higher the fence, the better the neighborhood?","datePublished":"2017-08-03T08:05:07+00:00","dateModified":"2020-11-27T15:46:54+00:00","mainEntityOfPage":{"@id":"https:\/\/www.amatin.ch\/en\/news\/je-hoeher-der-zaun-desto-besser-die-nachbarschaft\/"},"wordCount":306,"commentCount":0,"image":{"@id":"https:\/\/www.amatin.ch\/en\/news\/je-hoeher-der-zaun-desto-besser-die-nachbarschaft\/#primaryimage"},"thumbnailUrl":"https:\/\/www.amatin.ch\/wp-content\/uploads\/2020\/10\/Nachbarschaftsstreit.jpg","keywords":["Nachbarrecht"],"articleSection":["Private Clients","Real Estate"],"inLanguage":"en-US","potentialAction":[{"@type":"CommentAction","name":"Comment","target":["https:\/\/www.amatin.ch\/en\/news\/je-hoeher-der-zaun-desto-besser-die-nachbarschaft\/#respond"]}]},{"@type":"WebPage","@id":"https:\/\/www.amatin.ch\/en\/news\/je-hoeher-der-zaun-desto-besser-die-nachbarschaft\/","url":"https:\/\/www.amatin.ch\/en\/news\/je-hoeher-der-zaun-desto-besser-die-nachbarschaft\/","name":"The higher the fence, the better the neighborhood? - AMATIN","isPartOf":{"@id":"https:\/\/www.amatin.ch\/en\/#website"},"primaryImageOfPage":{"@id":"https:\/\/www.amatin.ch\/en\/news\/je-hoeher-der-zaun-desto-besser-die-nachbarschaft\/#primaryimage"},"image":{"@id":"https:\/\/www.amatin.ch\/en\/news\/je-hoeher-der-zaun-desto-besser-die-nachbarschaft\/#primaryimage"},"thumbnailUrl":"https:\/\/www.amatin.ch\/wp-content\/uploads\/2020\/10\/Nachbarschaftsstreit.jpg","datePublished":"2017-08-03T08:05:07+00:00","dateModified":"2020-11-27T15:46:54+00:00","author":{"@id":"https:\/\/www.amatin.ch\/en\/#\/schema\/person\/e88fe9de1a844087a078278c638efb74"},"breadcrumb":{"@id":"https:\/\/www.amatin.ch\/en\/news\/je-hoeher-der-zaun-desto-besser-die-nachbarschaft\/#breadcrumb"},"inLanguage":"en-US","potentialAction":[{"@type":"ReadAction","target":["https:\/\/www.amatin.ch\/en\/news\/je-hoeher-der-zaun-desto-besser-die-nachbarschaft\/"]}]},{"@type":"ImageObject","inLanguage":"en-US","@id":"https:\/\/www.amatin.ch\/en\/news\/je-hoeher-der-zaun-desto-besser-die-nachbarschaft\/#primaryimage","url":"https:\/\/www.amatin.ch\/wp-content\/uploads\/2020\/10\/Nachbarschaftsstreit.jpg","contentUrl":"https:\/\/www.amatin.ch\/wp-content\/uploads\/2020\/10\/Nachbarschaftsstreit.jpg","width":640,"height":426},{"@type":"BreadcrumbList","@id":"https:\/\/www.amatin.ch\/en\/news\/je-hoeher-der-zaun-desto-besser-die-nachbarschaft\/#breadcrumb","itemListElement":[{"@type":"ListItem","position":1,"name":"Home","item":"https:\/\/www.amatin.ch\/en\/"},{"@type":"ListItem","position":2,"name":"The higher the fence, the better the neighborhood?"}]},{"@type":"WebSite","@id":"https:\/\/www.amatin.ch\/en\/#website","url":"https:\/\/www.amatin.ch\/en\/","name":"AMATIN","description":"","potentialAction":[{"@type":"SearchAction","target":{"@type":"EntryPoint","urlTemplate":"https:\/\/www.amatin.ch\/en\/?s={search_term_string}"},"query-input":{"@type":"PropertyValueSpecification","valueRequired":true,"valueName":"search_term_string"}}],"inLanguage":"en-US"},{"@type":"Person","@id":"https:\/\/www.amatin.ch\/en\/#\/schema\/person\/e88fe9de1a844087a078278c638efb74","name":"admin","image":{"@type":"ImageObject","inLanguage":"en-US","@id":"https:\/\/secure.gravatar.com\/avatar\/c08d72df3876be26e60b8de538e514b77f421b1b2889e6d1bd788b6d134b40eb?s=96&d=mm&r=g","url":"https:\/\/secure.gravatar.com\/avatar\/c08d72df3876be26e60b8de538e514b77f421b1b2889e6d1bd788b6d134b40eb?s=96&d=mm&r=g","contentUrl":"https:\/\/secure.gravatar.com\/avatar\/c08d72df3876be26e60b8de538e514b77f421b1b2889e6d1bd788b6d134b40eb?s=96&d=mm&r=g","caption":"admin"},"sameAs":["https:\/\/www.amatin.ch"],"url":"https:\/\/www.amatin.ch\/en\/news\/author\/admin\/"}]}},"_links":{"self":[{"href":"https:\/\/www.amatin.ch\/en\/wp-json\/wp\/v2\/posts\/1435","targetHints":{"allow":["GET"]}}],"collection":[{"href":"https:\/\/www.amatin.ch\/en\/wp-json\/wp\/v2\/posts"}],"about":[{"href":"https:\/\/www.amatin.ch\/en\/wp-json\/wp\/v2\/types\/post"}],"author":[{"embeddable":true,"href":"https:\/\/www.amatin.ch\/en\/wp-json\/wp\/v2\/users\/1"}],"replies":[{"embeddable":true,"href":"https:\/\/www.amatin.ch\/en\/wp-json\/wp\/v2\/comments?post=1435"}],"version-history":[{"count":0,"href":"https:\/\/www.amatin.ch\/en\/wp-json\/wp\/v2\/posts\/1435\/revisions"}],"wp:featuredmedia":[{"embeddable":true,"href":"https:\/\/www.amatin.ch\/en\/wp-json\/wp\/v2\/media\/1305"}],"wp:attachment":[{"href":"https:\/\/www.amatin.ch\/en\/wp-json\/wp\/v2\/media?parent=1435"}],"wp:term":[{"taxonomy":"category","embeddable":true,"href":"https:\/\/www.amatin.ch\/en\/wp-json\/wp\/v2\/categories?post=1435"},{"taxonomy":"post_tag","embeddable":true,"href":"https:\/\/www.amatin.ch\/en\/wp-json\/wp\/v2\/tags?post=1435"}],"curies":[{"name":"wp","href":"https:\/\/api.w.org\/{rel}","templated":true}]}}