{"id":1428,"date":"2018-09-06T15:24:29","date_gmt":"2018-09-06T13:24:29","guid":{"rendered":"https:\/\/www.amatin.ch\/diplomausstellung-und-amatin-designfoerderpreis-2018-an-der-fhnw-basel-institut-industrial-design\/"},"modified":"2023-12-11T12:19:16","modified_gmt":"2023-12-11T11:19:16","slug":"diplomausstellung-und-amatin-designfoerderpreis-2018-an-der-fhnw-basel-institut-industrial-design","status":"publish","type":"post","link":"https:\/\/www.amatin.ch\/en\/news\/diplomausstellung-und-amatin-designfoerderpreis-2018-an-der-fhnw-basel-institut-industrial-design\/","title":{"rendered":"Diplomausstellung und AMATIN Designf\u00f6rderpreis 2018 an der FHNW Basel, Institut Industrial Design."},"content":{"rendered":"\n<p>AMATIN AG Rechtsanw\u00e4lte \/ Attorneys at Law (contact: Vanessa Fischer-Zaugg, Martin Boos, Roman K\u00e4lin-Burgy, Cornelia Fahrenberg), Basel, Switzerland &#8211; in the heart of the Swiss Economic Backbone Zurich-Basel-Geneva.&nbsp;<\/p>\n\n\n\n<p>AMATIN verf\u00fcgt \u00fcber eine Abteilung f\u00fcr Marken- und Designschutz. Wir freuen uns, angehenden Jungdesignerinnen und Jungdesignern, die an der Fachhochschule Nordwestschweiz ausgebildet wurden, am 14. September 2018 zum dritten Mal in Folge den AMATIN-Designf\u00f6rderpreis f\u00fcr die besten Bachelor Arbeiten zu \u00fcbergeben.&nbsp;<\/p>\n\n\n\n<p>Oft gehen die Studierenden eigene Wege wie das Beispiel der Empf\u00e4nger des zweiten Preises vom letzten Jahr zeigt. Benjamin Bichsel und Joe Griesbach legten mit ihrer Arbeit &#8220;Handwerk und Gestaltung&#8221; ihren Fokus sowohl auf ein Objekt, wie auch auf die Zusammenarbeit mit Kleinunternehmen, um das dort vorhandene fachliche Potential umfassend auszusch\u00f6pfen. So entstanden u.a. eine M\u00f6belkollektion f\u00fcr das letzte Bugholzwerk der Schweiz oder ein Etag\u00e8rensystem f\u00fcr eine Glasapparatebauerin.&nbsp;<\/p>\n\n\n\n<p>Das Preisgeld war in diesem Fall nicht nur Anerkennung f\u00fcr eine ausgezeichnete Arbeit, sondern eine ebenso willkommene R\u00fcckverg\u00fctung f\u00fcr besondere Auslagen, welche von den Absolventen selber getragen werden mussten, da die Objekte ausserhalb des Instituts entstanden sind.&nbsp;<\/p>\n\n\n\n<p>Gleich, ob unser Preis ein finanzieller Zustupf ist und Anerkennung bringt f\u00fcr herausragende Leistungen oder einfach zu besonderen Leistungen anspornt, f\u00fcr uns wichtig ist, dass wir damit auch in Zukunft die Absolventen des Studienlehrgangs in Industrial Design zu H\u00f6chstleistung motivieren k\u00f6nnen.&nbsp;<\/p>\n\n\n\n<p>Wir freuen uns auf die Exponate des Jahrgangs 2018 und die \u00dcbergabe der Preise am 14. September um 18:30 Uhr an der Fachhochschule Nordwestschweiz, Institut Industrial Design, Geb\u00e4ude C, Pavillon, Freilagerplatz, 4142 Basel (Dreispitz).&nbsp;<\/p>\n\n\n\n<p>F\u00fcr Fragen zu Designschutz: Besuchen Sie unsere&nbsp;<a href=\"https:\/\/www.amatin.ch\/de_immaterialgueterrecht\" target=\"_blank\" rel=\"noreferrer noopener\">Website<\/a>&nbsp;oder kontaktieren Sie unsere Spezialisten.&nbsp;<\/p>\n","protected":false},"excerpt":{"rendered":"<p>AMATIN AG Rechtsanw\u00e4lte \/ Attorneys at Law (contact: Vanessa Fischer-Zaugg, Martin Boos, Roman K\u00e4lin-Burgy, Cornelia Fahrenberg), Basel, Switzerland &#8211; in the heart of the Swiss Economic Backbone Zurich-Basel-Geneva.&nbsp; AMATIN verf\u00fcgt \u00fcber eine Abteilung f\u00fcr Marken- und Designschutz. Wir freuen uns, angehenden Jungdesignerinnen und Jungdesignern, die an der Fachhochschule Nordwestschweiz ausgebildet wurden, am 14. September 2018 [&hellip;]<\/p>\n","protected":false},"author":1,"featured_media":920,"comment_status":"open","ping_status":"open","sticky":false,"template":"","format":"standard","meta":{"_acf_changed":false,"footnotes":""},"categories":[366,7,8],"tags":[24,26],"class_list":["post-1428","post","type-post","status-publish","format-standard","has-post-thumbnail","","category-amatin","category-ip-it","category-sme","tag-design","tag-designschutz"],"acf":[],"yoast_head":"<!-- This site is optimized with the Yoast SEO plugin v27.5 - https:\/\/yoast.com\/product\/yoast-seo-wordpress\/ -->\n<title>Diplomausstellung und AMATIN Designf\u00f6rderpreis 2018 an der FHNW Basel, Institut Industrial Design. - AMATIN<\/title>\n<meta name=\"robots\" content=\"index, follow, max-snippet:-1, max-image-preview:large, max-video-preview:-1\" \/>\n<link rel=\"canonical\" href=\"https:\/\/www.amatin.ch\/en\/news\/diplomausstellung-und-amatin-designfoerderpreis-2018-an-der-fhnw-basel-institut-industrial-design\/\" \/>\n<meta property=\"og:locale\" content=\"en_US\" \/>\n<meta property=\"og:type\" content=\"article\" \/>\n<meta property=\"og:title\" content=\"Diplomausstellung und AMATIN Designf\u00f6rderpreis 2018 an der FHNW Basel, Institut Industrial Design. - AMATIN\" \/>\n<meta property=\"og:description\" content=\"AMATIN AG Rechtsanw\u00e4lte \/ Attorneys at Law (contact: Vanessa Fischer-Zaugg, Martin Boos, Roman K\u00e4lin-Burgy, Cornelia Fahrenberg), Basel, Switzerland &#8211; in the heart of the Swiss Economic Backbone Zurich-Basel-Geneva.&nbsp; AMATIN verf\u00fcgt \u00fcber eine Abteilung f\u00fcr Marken- und Designschutz. Wir freuen uns, angehenden Jungdesignerinnen und Jungdesignern, die an der Fachhochschule Nordwestschweiz ausgebildet wurden, am 14. September 2018 [&hellip;]\" \/>\n<meta property=\"og:url\" content=\"https:\/\/www.amatin.ch\/en\/news\/diplomausstellung-und-amatin-designfoerderpreis-2018-an-der-fhnw-basel-institut-industrial-design\/\" \/>\n<meta property=\"og:site_name\" content=\"AMATIN\" \/>\n<meta property=\"article:published_time\" content=\"2018-09-06T13:24:29+00:00\" \/>\n<meta property=\"article:modified_time\" content=\"2023-12-11T11:19:16+00:00\" \/>\n<meta property=\"og:image\" content=\"https:\/\/www.amatin.ch\/wp-content\/uploads\/2020\/10\/designfoerderpreis2018.jpg\" \/>\n\t<meta property=\"og:image:width\" content=\"1339\" \/>\n\t<meta property=\"og:image:height\" content=\"1394\" \/>\n\t<meta property=\"og:image:type\" content=\"image\/jpeg\" \/>\n<meta name=\"author\" content=\"admin\" \/>\n<meta name=\"twitter:card\" content=\"summary_large_image\" \/>\n<script type=\"application\/ld+json\" class=\"yoast-schema-graph\">{\"@context\":\"https:\\\/\\\/schema.org\",\"@graph\":[{\"@type\":\"Article\",\"@id\":\"https:\\\/\\\/www.amatin.ch\\\/en\\\/news\\\/diplomausstellung-und-amatin-designfoerderpreis-2018-an-der-fhnw-basel-institut-industrial-design\\\/#article\",\"isPartOf\":{\"@id\":\"https:\\\/\\\/www.amatin.ch\\\/en\\\/news\\\/diplomausstellung-und-amatin-designfoerderpreis-2018-an-der-fhnw-basel-institut-industrial-design\\\/\"},\"author\":{\"name\":\"admin\",\"@id\":\"https:\\\/\\\/www.amatin.ch\\\/en\\\/#\\\/schema\\\/person\\\/e88fe9de1a844087a078278c638efb74\"},\"headline\":\"Diplomausstellung und AMATIN Designf\u00f6rderpreis 2018 an der FHNW Basel, Institut Industrial Design.\",\"datePublished\":\"2018-09-06T13:24:29+00:00\",\"dateModified\":\"2023-12-11T11:19:16+00:00\",\"mainEntityOfPage\":{\"@id\":\"https:\\\/\\\/www.amatin.ch\\\/en\\\/news\\\/diplomausstellung-und-amatin-designfoerderpreis-2018-an-der-fhnw-basel-institut-industrial-design\\\/\"},\"wordCount\":299,\"commentCount\":0,\"image\":{\"@id\":\"https:\\\/\\\/www.amatin.ch\\\/en\\\/news\\\/diplomausstellung-und-amatin-designfoerderpreis-2018-an-der-fhnw-basel-institut-industrial-design\\\/#primaryimage\"},\"thumbnailUrl\":\"https:\\\/\\\/www.amatin.ch\\\/wp-content\\\/uploads\\\/2020\\\/10\\\/designfoerderpreis2018.jpg\",\"keywords\":[\"Design\",\"Designschutz\"],\"articleSection\":[\"AMATIN\",\"IP-IT\",\"SME\"],\"inLanguage\":\"en-US\",\"potentialAction\":[{\"@type\":\"CommentAction\",\"name\":\"Comment\",\"target\":[\"https:\\\/\\\/www.amatin.ch\\\/en\\\/news\\\/diplomausstellung-und-amatin-designfoerderpreis-2018-an-der-fhnw-basel-institut-industrial-design\\\/#respond\"]}]},{\"@type\":\"WebPage\",\"@id\":\"https:\\\/\\\/www.amatin.ch\\\/en\\\/news\\\/diplomausstellung-und-amatin-designfoerderpreis-2018-an-der-fhnw-basel-institut-industrial-design\\\/\",\"url\":\"https:\\\/\\\/www.amatin.ch\\\/en\\\/news\\\/diplomausstellung-und-amatin-designfoerderpreis-2018-an-der-fhnw-basel-institut-industrial-design\\\/\",\"name\":\"Diplomausstellung und AMATIN Designf\u00f6rderpreis 2018 an der FHNW Basel, Institut Industrial Design. - AMATIN\",\"isPartOf\":{\"@id\":\"https:\\\/\\\/www.amatin.ch\\\/en\\\/#website\"},\"primaryImageOfPage\":{\"@id\":\"https:\\\/\\\/www.amatin.ch\\\/en\\\/news\\\/diplomausstellung-und-amatin-designfoerderpreis-2018-an-der-fhnw-basel-institut-industrial-design\\\/#primaryimage\"},\"image\":{\"@id\":\"https:\\\/\\\/www.amatin.ch\\\/en\\\/news\\\/diplomausstellung-und-amatin-designfoerderpreis-2018-an-der-fhnw-basel-institut-industrial-design\\\/#primaryimage\"},\"thumbnailUrl\":\"https:\\\/\\\/www.amatin.ch\\\/wp-content\\\/uploads\\\/2020\\\/10\\\/designfoerderpreis2018.jpg\",\"datePublished\":\"2018-09-06T13:24:29+00:00\",\"dateModified\":\"2023-12-11T11:19:16+00:00\",\"author\":{\"@id\":\"https:\\\/\\\/www.amatin.ch\\\/en\\\/#\\\/schema\\\/person\\\/e88fe9de1a844087a078278c638efb74\"},\"breadcrumb\":{\"@id\":\"https:\\\/\\\/www.amatin.ch\\\/en\\\/news\\\/diplomausstellung-und-amatin-designfoerderpreis-2018-an-der-fhnw-basel-institut-industrial-design\\\/#breadcrumb\"},\"inLanguage\":\"en-US\",\"potentialAction\":[{\"@type\":\"ReadAction\",\"target\":[\"https:\\\/\\\/www.amatin.ch\\\/en\\\/news\\\/diplomausstellung-und-amatin-designfoerderpreis-2018-an-der-fhnw-basel-institut-industrial-design\\\/\"]}]},{\"@type\":\"ImageObject\",\"inLanguage\":\"en-US\",\"@id\":\"https:\\\/\\\/www.amatin.ch\\\/en\\\/news\\\/diplomausstellung-und-amatin-designfoerderpreis-2018-an-der-fhnw-basel-institut-industrial-design\\\/#primaryimage\",\"url\":\"https:\\\/\\\/www.amatin.ch\\\/wp-content\\\/uploads\\\/2020\\\/10\\\/designfoerderpreis2018.jpg\",\"contentUrl\":\"https:\\\/\\\/www.amatin.ch\\\/wp-content\\\/uploads\\\/2020\\\/10\\\/designfoerderpreis2018.jpg\",\"width\":1339,\"height\":1394,\"caption\":\"HGK Next Generation, Diana Pfammatter\"},{\"@type\":\"BreadcrumbList\",\"@id\":\"https:\\\/\\\/www.amatin.ch\\\/en\\\/news\\\/diplomausstellung-und-amatin-designfoerderpreis-2018-an-der-fhnw-basel-institut-industrial-design\\\/#breadcrumb\",\"itemListElement\":[{\"@type\":\"ListItem\",\"position\":1,\"name\":\"Home\",\"item\":\"https:\\\/\\\/www.amatin.ch\\\/en\\\/\"},{\"@type\":\"ListItem\",\"position\":2,\"name\":\"Diplomausstellung und AMATIN Designf\u00f6rderpreis 2018 an der FHNW Basel, Institut Industrial Design.\"}]},{\"@type\":\"WebSite\",\"@id\":\"https:\\\/\\\/www.amatin.ch\\\/en\\\/#website\",\"url\":\"https:\\\/\\\/www.amatin.ch\\\/en\\\/\",\"name\":\"AMATIN\",\"description\":\"\",\"potentialAction\":[{\"@type\":\"SearchAction\",\"target\":{\"@type\":\"EntryPoint\",\"urlTemplate\":\"https:\\\/\\\/www.amatin.ch\\\/en\\\/?s={search_term_string}\"},\"query-input\":{\"@type\":\"PropertyValueSpecification\",\"valueRequired\":true,\"valueName\":\"search_term_string\"}}],\"inLanguage\":\"en-US\"},{\"@type\":\"Person\",\"@id\":\"https:\\\/\\\/www.amatin.ch\\\/en\\\/#\\\/schema\\\/person\\\/e88fe9de1a844087a078278c638efb74\",\"name\":\"admin\",\"image\":{\"@type\":\"ImageObject\",\"inLanguage\":\"en-US\",\"@id\":\"https:\\\/\\\/secure.gravatar.com\\\/avatar\\\/c08d72df3876be26e60b8de538e514b77f421b1b2889e6d1bd788b6d134b40eb?s=96&d=mm&r=g\",\"url\":\"https:\\\/\\\/secure.gravatar.com\\\/avatar\\\/c08d72df3876be26e60b8de538e514b77f421b1b2889e6d1bd788b6d134b40eb?s=96&d=mm&r=g\",\"contentUrl\":\"https:\\\/\\\/secure.gravatar.com\\\/avatar\\\/c08d72df3876be26e60b8de538e514b77f421b1b2889e6d1bd788b6d134b40eb?s=96&d=mm&r=g\",\"caption\":\"admin\"},\"sameAs\":[\"https:\\\/\\\/www.amatin.ch\"],\"url\":\"https:\\\/\\\/www.amatin.ch\\\/en\\\/news\\\/author\\\/admin\\\/\"}]}<\/script>\n<!-- \/ Yoast SEO plugin. -->","yoast_head_json":{"title":"Diplomausstellung und AMATIN Designf\u00f6rderpreis 2018 an der FHNW Basel, Institut Industrial Design. - AMATIN","robots":{"index":"index","follow":"follow","max-snippet":"max-snippet:-1","max-image-preview":"max-image-preview:large","max-video-preview":"max-video-preview:-1"},"canonical":"https:\/\/www.amatin.ch\/en\/news\/diplomausstellung-und-amatin-designfoerderpreis-2018-an-der-fhnw-basel-institut-industrial-design\/","og_locale":"en_US","og_type":"article","og_title":"Diplomausstellung und AMATIN Designf\u00f6rderpreis 2018 an der FHNW Basel, Institut Industrial Design. - AMATIN","og_description":"AMATIN AG Rechtsanw\u00e4lte \/ Attorneys at Law (contact: Vanessa Fischer-Zaugg, Martin Boos, Roman K\u00e4lin-Burgy, Cornelia Fahrenberg), Basel, Switzerland &#8211; in the heart of the Swiss Economic Backbone Zurich-Basel-Geneva.&nbsp; AMATIN verf\u00fcgt \u00fcber eine Abteilung f\u00fcr Marken- und Designschutz. Wir freuen uns, angehenden Jungdesignerinnen und Jungdesignern, die an der Fachhochschule Nordwestschweiz ausgebildet wurden, am 14. September 2018 [&hellip;]","og_url":"https:\/\/www.amatin.ch\/en\/news\/diplomausstellung-und-amatin-designfoerderpreis-2018-an-der-fhnw-basel-institut-industrial-design\/","og_site_name":"AMATIN","article_published_time":"2018-09-06T13:24:29+00:00","article_modified_time":"2023-12-11T11:19:16+00:00","og_image":[{"width":1339,"height":1394,"url":"https:\/\/www.amatin.ch\/wp-content\/uploads\/2020\/10\/designfoerderpreis2018.jpg","type":"image\/jpeg"}],"author":"admin","twitter_card":"summary_large_image","schema":{"@context":"https:\/\/schema.org","@graph":[{"@type":"Article","@id":"https:\/\/www.amatin.ch\/en\/news\/diplomausstellung-und-amatin-designfoerderpreis-2018-an-der-fhnw-basel-institut-industrial-design\/#article","isPartOf":{"@id":"https:\/\/www.amatin.ch\/en\/news\/diplomausstellung-und-amatin-designfoerderpreis-2018-an-der-fhnw-basel-institut-industrial-design\/"},"author":{"name":"admin","@id":"https:\/\/www.amatin.ch\/en\/#\/schema\/person\/e88fe9de1a844087a078278c638efb74"},"headline":"Diplomausstellung und AMATIN Designf\u00f6rderpreis 2018 an der FHNW Basel, Institut Industrial Design.","datePublished":"2018-09-06T13:24:29+00:00","dateModified":"2023-12-11T11:19:16+00:00","mainEntityOfPage":{"@id":"https:\/\/www.amatin.ch\/en\/news\/diplomausstellung-und-amatin-designfoerderpreis-2018-an-der-fhnw-basel-institut-industrial-design\/"},"wordCount":299,"commentCount":0,"image":{"@id":"https:\/\/www.amatin.ch\/en\/news\/diplomausstellung-und-amatin-designfoerderpreis-2018-an-der-fhnw-basel-institut-industrial-design\/#primaryimage"},"thumbnailUrl":"https:\/\/www.amatin.ch\/wp-content\/uploads\/2020\/10\/designfoerderpreis2018.jpg","keywords":["Design","Designschutz"],"articleSection":["AMATIN","IP-IT","SME"],"inLanguage":"en-US","potentialAction":[{"@type":"CommentAction","name":"Comment","target":["https:\/\/www.amatin.ch\/en\/news\/diplomausstellung-und-amatin-designfoerderpreis-2018-an-der-fhnw-basel-institut-industrial-design\/#respond"]}]},{"@type":"WebPage","@id":"https:\/\/www.amatin.ch\/en\/news\/diplomausstellung-und-amatin-designfoerderpreis-2018-an-der-fhnw-basel-institut-industrial-design\/","url":"https:\/\/www.amatin.ch\/en\/news\/diplomausstellung-und-amatin-designfoerderpreis-2018-an-der-fhnw-basel-institut-industrial-design\/","name":"Diplomausstellung und AMATIN Designf\u00f6rderpreis 2018 an der FHNW Basel, Institut Industrial Design. - AMATIN","isPartOf":{"@id":"https:\/\/www.amatin.ch\/en\/#website"},"primaryImageOfPage":{"@id":"https:\/\/www.amatin.ch\/en\/news\/diplomausstellung-und-amatin-designfoerderpreis-2018-an-der-fhnw-basel-institut-industrial-design\/#primaryimage"},"image":{"@id":"https:\/\/www.amatin.ch\/en\/news\/diplomausstellung-und-amatin-designfoerderpreis-2018-an-der-fhnw-basel-institut-industrial-design\/#primaryimage"},"thumbnailUrl":"https:\/\/www.amatin.ch\/wp-content\/uploads\/2020\/10\/designfoerderpreis2018.jpg","datePublished":"2018-09-06T13:24:29+00:00","dateModified":"2023-12-11T11:19:16+00:00","author":{"@id":"https:\/\/www.amatin.ch\/en\/#\/schema\/person\/e88fe9de1a844087a078278c638efb74"},"breadcrumb":{"@id":"https:\/\/www.amatin.ch\/en\/news\/diplomausstellung-und-amatin-designfoerderpreis-2018-an-der-fhnw-basel-institut-industrial-design\/#breadcrumb"},"inLanguage":"en-US","potentialAction":[{"@type":"ReadAction","target":["https:\/\/www.amatin.ch\/en\/news\/diplomausstellung-und-amatin-designfoerderpreis-2018-an-der-fhnw-basel-institut-industrial-design\/"]}]},{"@type":"ImageObject","inLanguage":"en-US","@id":"https:\/\/www.amatin.ch\/en\/news\/diplomausstellung-und-amatin-designfoerderpreis-2018-an-der-fhnw-basel-institut-industrial-design\/#primaryimage","url":"https:\/\/www.amatin.ch\/wp-content\/uploads\/2020\/10\/designfoerderpreis2018.jpg","contentUrl":"https:\/\/www.amatin.ch\/wp-content\/uploads\/2020\/10\/designfoerderpreis2018.jpg","width":1339,"height":1394,"caption":"HGK Next Generation, Diana Pfammatter"},{"@type":"BreadcrumbList","@id":"https:\/\/www.amatin.ch\/en\/news\/diplomausstellung-und-amatin-designfoerderpreis-2018-an-der-fhnw-basel-institut-industrial-design\/#breadcrumb","itemListElement":[{"@type":"ListItem","position":1,"name":"Home","item":"https:\/\/www.amatin.ch\/en\/"},{"@type":"ListItem","position":2,"name":"Diplomausstellung und AMATIN Designf\u00f6rderpreis 2018 an der FHNW Basel, Institut Industrial Design."}]},{"@type":"WebSite","@id":"https:\/\/www.amatin.ch\/en\/#website","url":"https:\/\/www.amatin.ch\/en\/","name":"AMATIN","description":"","potentialAction":[{"@type":"SearchAction","target":{"@type":"EntryPoint","urlTemplate":"https:\/\/www.amatin.ch\/en\/?s={search_term_string}"},"query-input":{"@type":"PropertyValueSpecification","valueRequired":true,"valueName":"search_term_string"}}],"inLanguage":"en-US"},{"@type":"Person","@id":"https:\/\/www.amatin.ch\/en\/#\/schema\/person\/e88fe9de1a844087a078278c638efb74","name":"admin","image":{"@type":"ImageObject","inLanguage":"en-US","@id":"https:\/\/secure.gravatar.com\/avatar\/c08d72df3876be26e60b8de538e514b77f421b1b2889e6d1bd788b6d134b40eb?s=96&d=mm&r=g","url":"https:\/\/secure.gravatar.com\/avatar\/c08d72df3876be26e60b8de538e514b77f421b1b2889e6d1bd788b6d134b40eb?s=96&d=mm&r=g","contentUrl":"https:\/\/secure.gravatar.com\/avatar\/c08d72df3876be26e60b8de538e514b77f421b1b2889e6d1bd788b6d134b40eb?s=96&d=mm&r=g","caption":"admin"},"sameAs":["https:\/\/www.amatin.ch"],"url":"https:\/\/www.amatin.ch\/en\/news\/author\/admin\/"}]}},"_links":{"self":[{"href":"https:\/\/www.amatin.ch\/en\/wp-json\/wp\/v2\/posts\/1428","targetHints":{"allow":["GET"]}}],"collection":[{"href":"https:\/\/www.amatin.ch\/en\/wp-json\/wp\/v2\/posts"}],"about":[{"href":"https:\/\/www.amatin.ch\/en\/wp-json\/wp\/v2\/types\/post"}],"author":[{"embeddable":true,"href":"https:\/\/www.amatin.ch\/en\/wp-json\/wp\/v2\/users\/1"}],"replies":[{"embeddable":true,"href":"https:\/\/www.amatin.ch\/en\/wp-json\/wp\/v2\/comments?post=1428"}],"version-history":[{"count":1,"href":"https:\/\/www.amatin.ch\/en\/wp-json\/wp\/v2\/posts\/1428\/revisions"}],"predecessor-version":[{"id":5457,"href":"https:\/\/www.amatin.ch\/en\/wp-json\/wp\/v2\/posts\/1428\/revisions\/5457"}],"wp:featuredmedia":[{"embeddable":true,"href":"https:\/\/www.amatin.ch\/en\/wp-json\/wp\/v2\/media\/920"}],"wp:attachment":[{"href":"https:\/\/www.amatin.ch\/en\/wp-json\/wp\/v2\/media?parent=1428"}],"wp:term":[{"taxonomy":"category","embeddable":true,"href":"https:\/\/www.amatin.ch\/en\/wp-json\/wp\/v2\/categories?post=1428"},{"taxonomy":"post_tag","embeddable":true,"href":"https:\/\/www.amatin.ch\/en\/wp-json\/wp\/v2\/tags?post=1428"}],"curies":[{"name":"wp","href":"https:\/\/api.w.org\/{rel}","templated":true}]}}