{"id":1421,"date":"2018-11-01T20:15:21","date_gmt":"2018-11-01T20:15:21","guid":{"rendered":"https:\/\/www.amatin.ch\/arbeitgeberin-aufgepasst-kosten-fuer-aus-und-weiterbildung-richtig-regeln\/"},"modified":"2022-10-31T18:06:46","modified_gmt":"2022-10-31T17:06:46","slug":"arbeitgeberin-aufgepasst-kosten-fuer-aus-und-weiterbildung-richtig-regeln","status":"publish","type":"post","link":"https:\/\/www.amatin.ch\/en\/news\/arbeitgeberin-aufgepasst-kosten-fuer-aus-und-weiterbildung-richtig-regeln\/","title":{"rendered":"Arbeitgeberin aufgepasst: Kosten f\u00fcr Aus- und Weiterbildung richtig regeln!"},"content":{"rendered":"\n<p>Die Kostenbeteiligung der Arbeitgeberin f\u00fcr Aus- und Weiterbildungen und die zeitliche Verpflichtung der Mitarbeiterin ist ein verbreitetes Mittel der Mitarbeiterbindung.&nbsp;<\/p>\n\n\n\n<p>Eine Vereinbarung erg\u00e4nzend zum Arbeitsvertrag kann Missverst\u00e4ndnisse und Unklarheiten vermeiden. Eine Arbeitgeberin kann die Arbeitnehmerin f\u00fcr eine bestimmte Dauer vertraglich verpflichten; sie muss zeitlich begrenzt sein.&nbsp;<\/p>\n\n\n\n<p>Die Arbeitgeberin muss auch die Kostenr\u00fcckforderung regeln. Es ist im Detail festzulegen, unter welchen Umst\u00e4nden und in welcher H\u00f6he die Kosten zur\u00fcckgefordert werden k\u00f6nnen oder zu ersetzen sind, sollte die Vereinbarung nicht eingehalten werden.&nbsp;<\/p>\n\n\n\n<p>Verl\u00e4sst die Arbeitnehmerin die Firma vor Ablauf dieser Frist oder hat sie eine arbeitgeberseitige K\u00fcndigung verursacht, kann die Arbeitgeberin eine vollumf\u00e4ngliche oder teilweise R\u00fcckzahlung verlangen (respektive die nachtr\u00e4gliche Verg\u00fctung beendigen). Insbesondere sind die R\u00fcckzahlungsmodalit\u00e4ten im Detail zu regeln (gesamte Kosten oder nach Jahren oder Monaten abgestufte Reduktion des Betrags).&nbsp;<\/p>\n\n\n\n<p>K\u00fcndigt hingegen die Arbeitgeberin das Arbeitsverh\u00e4ltnis ohne ausreichenden Grund vor Beendigung der Aus- bzw. Weiterbildung, kann die Arbeitnehmerin &#8211; sofern diesbez\u00fcglich nichts vereinbart wurde &#8211; unter Umst\u00e4nden Kostenersatz f\u00fcr die Fortsetzung der Weiterbildung verlangen.&nbsp;<\/p>\n\n\n\n<p>R\u00fcckzahlungsvereinbarungen mit Lehrlingen sind nicht zul\u00e4ssig, weil die Ausbildung des Lehrlings gerade den Hauptinhalt des Lehrvertrags bildet.&nbsp;<\/p>\n\n\n\n<p>Bei der Ausgestaltung einer entsprechenden Vereinbarung gilt es, verschiedene Aspekte zu beachten, die je nach Konstellation unterschiedlich zu regeln sind. Vers\u00e4umnisse k\u00f6nnen finanzielle Verpflichtungen mit sich bringen. Lassen Sie sich beraten.&nbsp;<\/p>\n\n\n\n<p><strong><strong><em>SPEED ReaD<\/em><\/strong>:<\/strong>&nbsp;In doubt ask your lawyer.&nbsp;<\/p>\n\n\n\n<p><strong><em>SUPErLiRE<\/em><\/strong><em>:&nbsp;Les conseillers juridiques AMATIN s&#8217;efforcent de trouver une solution satisfaisante pour vos d\u00e9fis.<\/em><\/p>\n","protected":false},"excerpt":{"rendered":"<p>Die Kostenbeteiligung der Arbeitgeberin f\u00fcr Aus- und Weiterbildungen und die zeitliche Verpflichtung der Mitarbeiterin ist ein verbreitetes Mittel der Mitarbeiterbindung.&nbsp; Eine Vereinbarung erg\u00e4nzend zum Arbeitsvertrag kann Missverst\u00e4ndnisse und Unklarheiten vermeiden. Eine Arbeitgeberin kann die Arbeitnehmerin f\u00fcr eine bestimmte Dauer vertraglich verpflichten; sie muss zeitlich begrenzt sein.&nbsp; Die Arbeitgeberin muss auch die Kostenr\u00fcckforderung regeln. Es ist [&hellip;]<\/p>\n","protected":false},"author":1,"featured_media":1005,"comment_status":"open","ping_status":"open","sticky":false,"template":"","format":"standard","meta":{"_acf_changed":false,"footnotes":""},"categories":[3,8],"tags":[15,41,80],"class_list":["post-1421","post","type-post","status-publish","format-standard","has-post-thumbnail","","category-employment-law","category-sme","tag-arbeitsrecht","tag-arbeitsvertrag","tag-kuendigung"],"acf":[],"yoast_head":"<!-- This site is optimized with the Yoast SEO plugin v27.5 - https:\/\/yoast.com\/product\/yoast-seo-wordpress\/ -->\n<title>Arbeitgeberin aufgepasst: Kosten f\u00fcr Aus- und Weiterbildung richtig regeln! - AMATIN<\/title>\n<meta name=\"robots\" content=\"index, follow, max-snippet:-1, max-image-preview:large, max-video-preview:-1\" \/>\n<link rel=\"canonical\" href=\"https:\/\/www.amatin.ch\/en\/news\/arbeitgeberin-aufgepasst-kosten-fuer-aus-und-weiterbildung-richtig-regeln\/\" \/>\n<meta property=\"og:locale\" content=\"en_US\" \/>\n<meta property=\"og:type\" content=\"article\" \/>\n<meta property=\"og:title\" content=\"Arbeitgeberin aufgepasst: Kosten f\u00fcr Aus- und Weiterbildung richtig regeln! - AMATIN\" \/>\n<meta property=\"og:description\" content=\"Die Kostenbeteiligung der Arbeitgeberin f\u00fcr Aus- und Weiterbildungen und die zeitliche Verpflichtung der Mitarbeiterin ist ein verbreitetes Mittel der Mitarbeiterbindung.&nbsp; Eine Vereinbarung erg\u00e4nzend zum Arbeitsvertrag kann Missverst\u00e4ndnisse und Unklarheiten vermeiden. Eine Arbeitgeberin kann die Arbeitnehmerin f\u00fcr eine bestimmte Dauer vertraglich verpflichten; sie muss zeitlich begrenzt sein.&nbsp; Die Arbeitgeberin muss auch die Kostenr\u00fcckforderung regeln. Es ist [&hellip;]\" \/>\n<meta property=\"og:url\" content=\"https:\/\/www.amatin.ch\/en\/news\/arbeitgeberin-aufgepasst-kosten-fuer-aus-und-weiterbildung-richtig-regeln\/\" \/>\n<meta property=\"og:site_name\" content=\"AMATIN\" \/>\n<meta property=\"article:published_time\" content=\"2018-11-01T20:15:21+00:00\" \/>\n<meta property=\"article:modified_time\" content=\"2022-10-31T17:06:46+00:00\" \/>\n<meta property=\"og:image\" content=\"https:\/\/www.amatin.ch\/wp-content\/uploads\/2020\/10\/Insichgeschaeft.jpg\" \/>\n\t<meta property=\"og:image:width\" content=\"1200\" \/>\n\t<meta property=\"og:image:height\" content=\"800\" \/>\n\t<meta property=\"og:image:type\" content=\"image\/jpeg\" \/>\n<meta name=\"author\" content=\"admin\" \/>\n<meta name=\"twitter:card\" content=\"summary_large_image\" \/>\n<script type=\"application\/ld+json\" class=\"yoast-schema-graph\">{\"@context\":\"https:\\\/\\\/schema.org\",\"@graph\":[{\"@type\":\"Article\",\"@id\":\"https:\\\/\\\/www.amatin.ch\\\/en\\\/news\\\/arbeitgeberin-aufgepasst-kosten-fuer-aus-und-weiterbildung-richtig-regeln\\\/#article\",\"isPartOf\":{\"@id\":\"https:\\\/\\\/www.amatin.ch\\\/en\\\/news\\\/arbeitgeberin-aufgepasst-kosten-fuer-aus-und-weiterbildung-richtig-regeln\\\/\"},\"author\":{\"name\":\"admin\",\"@id\":\"https:\\\/\\\/www.amatin.ch\\\/en\\\/#\\\/schema\\\/person\\\/e88fe9de1a844087a078278c638efb74\"},\"headline\":\"Arbeitgeberin aufgepasst: Kosten f\u00fcr Aus- und Weiterbildung richtig regeln!\",\"datePublished\":\"2018-11-01T20:15:21+00:00\",\"dateModified\":\"2022-10-31T17:06:46+00:00\",\"mainEntityOfPage\":{\"@id\":\"https:\\\/\\\/www.amatin.ch\\\/en\\\/news\\\/arbeitgeberin-aufgepasst-kosten-fuer-aus-und-weiterbildung-richtig-regeln\\\/\"},\"wordCount\":280,\"commentCount\":0,\"image\":{\"@id\":\"https:\\\/\\\/www.amatin.ch\\\/en\\\/news\\\/arbeitgeberin-aufgepasst-kosten-fuer-aus-und-weiterbildung-richtig-regeln\\\/#primaryimage\"},\"thumbnailUrl\":\"https:\\\/\\\/www.amatin.ch\\\/wp-content\\\/uploads\\\/2020\\\/10\\\/Insichgeschaeft.jpg\",\"keywords\":[\"Arbeitsrecht\",\"Arbeitsvertrag\",\"K\u00fcndigung\"],\"articleSection\":[\"Employment Law\",\"SME\"],\"inLanguage\":\"en-US\",\"potentialAction\":[{\"@type\":\"CommentAction\",\"name\":\"Comment\",\"target\":[\"https:\\\/\\\/www.amatin.ch\\\/en\\\/news\\\/arbeitgeberin-aufgepasst-kosten-fuer-aus-und-weiterbildung-richtig-regeln\\\/#respond\"]}]},{\"@type\":\"WebPage\",\"@id\":\"https:\\\/\\\/www.amatin.ch\\\/en\\\/news\\\/arbeitgeberin-aufgepasst-kosten-fuer-aus-und-weiterbildung-richtig-regeln\\\/\",\"url\":\"https:\\\/\\\/www.amatin.ch\\\/en\\\/news\\\/arbeitgeberin-aufgepasst-kosten-fuer-aus-und-weiterbildung-richtig-regeln\\\/\",\"name\":\"Arbeitgeberin aufgepasst: Kosten f\u00fcr Aus- und Weiterbildung richtig regeln! - AMATIN\",\"isPartOf\":{\"@id\":\"https:\\\/\\\/www.amatin.ch\\\/en\\\/#website\"},\"primaryImageOfPage\":{\"@id\":\"https:\\\/\\\/www.amatin.ch\\\/en\\\/news\\\/arbeitgeberin-aufgepasst-kosten-fuer-aus-und-weiterbildung-richtig-regeln\\\/#primaryimage\"},\"image\":{\"@id\":\"https:\\\/\\\/www.amatin.ch\\\/en\\\/news\\\/arbeitgeberin-aufgepasst-kosten-fuer-aus-und-weiterbildung-richtig-regeln\\\/#primaryimage\"},\"thumbnailUrl\":\"https:\\\/\\\/www.amatin.ch\\\/wp-content\\\/uploads\\\/2020\\\/10\\\/Insichgeschaeft.jpg\",\"datePublished\":\"2018-11-01T20:15:21+00:00\",\"dateModified\":\"2022-10-31T17:06:46+00:00\",\"author\":{\"@id\":\"https:\\\/\\\/www.amatin.ch\\\/en\\\/#\\\/schema\\\/person\\\/e88fe9de1a844087a078278c638efb74\"},\"breadcrumb\":{\"@id\":\"https:\\\/\\\/www.amatin.ch\\\/en\\\/news\\\/arbeitgeberin-aufgepasst-kosten-fuer-aus-und-weiterbildung-richtig-regeln\\\/#breadcrumb\"},\"inLanguage\":\"en-US\",\"potentialAction\":[{\"@type\":\"ReadAction\",\"target\":[\"https:\\\/\\\/www.amatin.ch\\\/en\\\/news\\\/arbeitgeberin-aufgepasst-kosten-fuer-aus-und-weiterbildung-richtig-regeln\\\/\"]}]},{\"@type\":\"ImageObject\",\"inLanguage\":\"en-US\",\"@id\":\"https:\\\/\\\/www.amatin.ch\\\/en\\\/news\\\/arbeitgeberin-aufgepasst-kosten-fuer-aus-und-weiterbildung-richtig-regeln\\\/#primaryimage\",\"url\":\"https:\\\/\\\/www.amatin.ch\\\/wp-content\\\/uploads\\\/2020\\\/10\\\/Insichgeschaeft.jpg\",\"contentUrl\":\"https:\\\/\\\/www.amatin.ch\\\/wp-content\\\/uploads\\\/2020\\\/10\\\/Insichgeschaeft.jpg\",\"width\":1200,\"height\":800,\"caption\":\"AMATIN AG\"},{\"@type\":\"BreadcrumbList\",\"@id\":\"https:\\\/\\\/www.amatin.ch\\\/en\\\/news\\\/arbeitgeberin-aufgepasst-kosten-fuer-aus-und-weiterbildung-richtig-regeln\\\/#breadcrumb\",\"itemListElement\":[{\"@type\":\"ListItem\",\"position\":1,\"name\":\"Home\",\"item\":\"https:\\\/\\\/www.amatin.ch\\\/en\\\/\"},{\"@type\":\"ListItem\",\"position\":2,\"name\":\"Arbeitgeberin aufgepasst: Kosten f\u00fcr Aus- und Weiterbildung richtig regeln!\"}]},{\"@type\":\"WebSite\",\"@id\":\"https:\\\/\\\/www.amatin.ch\\\/en\\\/#website\",\"url\":\"https:\\\/\\\/www.amatin.ch\\\/en\\\/\",\"name\":\"AMATIN\",\"description\":\"\",\"potentialAction\":[{\"@type\":\"SearchAction\",\"target\":{\"@type\":\"EntryPoint\",\"urlTemplate\":\"https:\\\/\\\/www.amatin.ch\\\/en\\\/?s={search_term_string}\"},\"query-input\":{\"@type\":\"PropertyValueSpecification\",\"valueRequired\":true,\"valueName\":\"search_term_string\"}}],\"inLanguage\":\"en-US\"},{\"@type\":\"Person\",\"@id\":\"https:\\\/\\\/www.amatin.ch\\\/en\\\/#\\\/schema\\\/person\\\/e88fe9de1a844087a078278c638efb74\",\"name\":\"admin\",\"image\":{\"@type\":\"ImageObject\",\"inLanguage\":\"en-US\",\"@id\":\"https:\\\/\\\/secure.gravatar.com\\\/avatar\\\/c08d72df3876be26e60b8de538e514b77f421b1b2889e6d1bd788b6d134b40eb?s=96&d=mm&r=g\",\"url\":\"https:\\\/\\\/secure.gravatar.com\\\/avatar\\\/c08d72df3876be26e60b8de538e514b77f421b1b2889e6d1bd788b6d134b40eb?s=96&d=mm&r=g\",\"contentUrl\":\"https:\\\/\\\/secure.gravatar.com\\\/avatar\\\/c08d72df3876be26e60b8de538e514b77f421b1b2889e6d1bd788b6d134b40eb?s=96&d=mm&r=g\",\"caption\":\"admin\"},\"sameAs\":[\"https:\\\/\\\/www.amatin.ch\"],\"url\":\"https:\\\/\\\/www.amatin.ch\\\/en\\\/news\\\/author\\\/admin\\\/\"}]}<\/script>\n<!-- \/ Yoast SEO plugin. -->","yoast_head_json":{"title":"Arbeitgeberin aufgepasst: Kosten f\u00fcr Aus- und Weiterbildung richtig regeln! - AMATIN","robots":{"index":"index","follow":"follow","max-snippet":"max-snippet:-1","max-image-preview":"max-image-preview:large","max-video-preview":"max-video-preview:-1"},"canonical":"https:\/\/www.amatin.ch\/en\/news\/arbeitgeberin-aufgepasst-kosten-fuer-aus-und-weiterbildung-richtig-regeln\/","og_locale":"en_US","og_type":"article","og_title":"Arbeitgeberin aufgepasst: Kosten f\u00fcr Aus- und Weiterbildung richtig regeln! - AMATIN","og_description":"Die Kostenbeteiligung der Arbeitgeberin f\u00fcr Aus- und Weiterbildungen und die zeitliche Verpflichtung der Mitarbeiterin ist ein verbreitetes Mittel der Mitarbeiterbindung.&nbsp; Eine Vereinbarung erg\u00e4nzend zum Arbeitsvertrag kann Missverst\u00e4ndnisse und Unklarheiten vermeiden. Eine Arbeitgeberin kann die Arbeitnehmerin f\u00fcr eine bestimmte Dauer vertraglich verpflichten; sie muss zeitlich begrenzt sein.&nbsp; Die Arbeitgeberin muss auch die Kostenr\u00fcckforderung regeln. Es ist [&hellip;]","og_url":"https:\/\/www.amatin.ch\/en\/news\/arbeitgeberin-aufgepasst-kosten-fuer-aus-und-weiterbildung-richtig-regeln\/","og_site_name":"AMATIN","article_published_time":"2018-11-01T20:15:21+00:00","article_modified_time":"2022-10-31T17:06:46+00:00","og_image":[{"width":1200,"height":800,"url":"https:\/\/www.amatin.ch\/wp-content\/uploads\/2020\/10\/Insichgeschaeft.jpg","type":"image\/jpeg"}],"author":"admin","twitter_card":"summary_large_image","schema":{"@context":"https:\/\/schema.org","@graph":[{"@type":"Article","@id":"https:\/\/www.amatin.ch\/en\/news\/arbeitgeberin-aufgepasst-kosten-fuer-aus-und-weiterbildung-richtig-regeln\/#article","isPartOf":{"@id":"https:\/\/www.amatin.ch\/en\/news\/arbeitgeberin-aufgepasst-kosten-fuer-aus-und-weiterbildung-richtig-regeln\/"},"author":{"name":"admin","@id":"https:\/\/www.amatin.ch\/en\/#\/schema\/person\/e88fe9de1a844087a078278c638efb74"},"headline":"Arbeitgeberin aufgepasst: Kosten f\u00fcr Aus- und Weiterbildung richtig regeln!","datePublished":"2018-11-01T20:15:21+00:00","dateModified":"2022-10-31T17:06:46+00:00","mainEntityOfPage":{"@id":"https:\/\/www.amatin.ch\/en\/news\/arbeitgeberin-aufgepasst-kosten-fuer-aus-und-weiterbildung-richtig-regeln\/"},"wordCount":280,"commentCount":0,"image":{"@id":"https:\/\/www.amatin.ch\/en\/news\/arbeitgeberin-aufgepasst-kosten-fuer-aus-und-weiterbildung-richtig-regeln\/#primaryimage"},"thumbnailUrl":"https:\/\/www.amatin.ch\/wp-content\/uploads\/2020\/10\/Insichgeschaeft.jpg","keywords":["Arbeitsrecht","Arbeitsvertrag","K\u00fcndigung"],"articleSection":["Employment Law","SME"],"inLanguage":"en-US","potentialAction":[{"@type":"CommentAction","name":"Comment","target":["https:\/\/www.amatin.ch\/en\/news\/arbeitgeberin-aufgepasst-kosten-fuer-aus-und-weiterbildung-richtig-regeln\/#respond"]}]},{"@type":"WebPage","@id":"https:\/\/www.amatin.ch\/en\/news\/arbeitgeberin-aufgepasst-kosten-fuer-aus-und-weiterbildung-richtig-regeln\/","url":"https:\/\/www.amatin.ch\/en\/news\/arbeitgeberin-aufgepasst-kosten-fuer-aus-und-weiterbildung-richtig-regeln\/","name":"Arbeitgeberin aufgepasst: Kosten f\u00fcr Aus- und Weiterbildung richtig regeln! - AMATIN","isPartOf":{"@id":"https:\/\/www.amatin.ch\/en\/#website"},"primaryImageOfPage":{"@id":"https:\/\/www.amatin.ch\/en\/news\/arbeitgeberin-aufgepasst-kosten-fuer-aus-und-weiterbildung-richtig-regeln\/#primaryimage"},"image":{"@id":"https:\/\/www.amatin.ch\/en\/news\/arbeitgeberin-aufgepasst-kosten-fuer-aus-und-weiterbildung-richtig-regeln\/#primaryimage"},"thumbnailUrl":"https:\/\/www.amatin.ch\/wp-content\/uploads\/2020\/10\/Insichgeschaeft.jpg","datePublished":"2018-11-01T20:15:21+00:00","dateModified":"2022-10-31T17:06:46+00:00","author":{"@id":"https:\/\/www.amatin.ch\/en\/#\/schema\/person\/e88fe9de1a844087a078278c638efb74"},"breadcrumb":{"@id":"https:\/\/www.amatin.ch\/en\/news\/arbeitgeberin-aufgepasst-kosten-fuer-aus-und-weiterbildung-richtig-regeln\/#breadcrumb"},"inLanguage":"en-US","potentialAction":[{"@type":"ReadAction","target":["https:\/\/www.amatin.ch\/en\/news\/arbeitgeberin-aufgepasst-kosten-fuer-aus-und-weiterbildung-richtig-regeln\/"]}]},{"@type":"ImageObject","inLanguage":"en-US","@id":"https:\/\/www.amatin.ch\/en\/news\/arbeitgeberin-aufgepasst-kosten-fuer-aus-und-weiterbildung-richtig-regeln\/#primaryimage","url":"https:\/\/www.amatin.ch\/wp-content\/uploads\/2020\/10\/Insichgeschaeft.jpg","contentUrl":"https:\/\/www.amatin.ch\/wp-content\/uploads\/2020\/10\/Insichgeschaeft.jpg","width":1200,"height":800,"caption":"AMATIN AG"},{"@type":"BreadcrumbList","@id":"https:\/\/www.amatin.ch\/en\/news\/arbeitgeberin-aufgepasst-kosten-fuer-aus-und-weiterbildung-richtig-regeln\/#breadcrumb","itemListElement":[{"@type":"ListItem","position":1,"name":"Home","item":"https:\/\/www.amatin.ch\/en\/"},{"@type":"ListItem","position":2,"name":"Arbeitgeberin aufgepasst: Kosten f\u00fcr Aus- und Weiterbildung richtig regeln!"}]},{"@type":"WebSite","@id":"https:\/\/www.amatin.ch\/en\/#website","url":"https:\/\/www.amatin.ch\/en\/","name":"AMATIN","description":"","potentialAction":[{"@type":"SearchAction","target":{"@type":"EntryPoint","urlTemplate":"https:\/\/www.amatin.ch\/en\/?s={search_term_string}"},"query-input":{"@type":"PropertyValueSpecification","valueRequired":true,"valueName":"search_term_string"}}],"inLanguage":"en-US"},{"@type":"Person","@id":"https:\/\/www.amatin.ch\/en\/#\/schema\/person\/e88fe9de1a844087a078278c638efb74","name":"admin","image":{"@type":"ImageObject","inLanguage":"en-US","@id":"https:\/\/secure.gravatar.com\/avatar\/c08d72df3876be26e60b8de538e514b77f421b1b2889e6d1bd788b6d134b40eb?s=96&d=mm&r=g","url":"https:\/\/secure.gravatar.com\/avatar\/c08d72df3876be26e60b8de538e514b77f421b1b2889e6d1bd788b6d134b40eb?s=96&d=mm&r=g","contentUrl":"https:\/\/secure.gravatar.com\/avatar\/c08d72df3876be26e60b8de538e514b77f421b1b2889e6d1bd788b6d134b40eb?s=96&d=mm&r=g","caption":"admin"},"sameAs":["https:\/\/www.amatin.ch"],"url":"https:\/\/www.amatin.ch\/en\/news\/author\/admin\/"}]}},"_links":{"self":[{"href":"https:\/\/www.amatin.ch\/en\/wp-json\/wp\/v2\/posts\/1421","targetHints":{"allow":["GET"]}}],"collection":[{"href":"https:\/\/www.amatin.ch\/en\/wp-json\/wp\/v2\/posts"}],"about":[{"href":"https:\/\/www.amatin.ch\/en\/wp-json\/wp\/v2\/types\/post"}],"author":[{"embeddable":true,"href":"https:\/\/www.amatin.ch\/en\/wp-json\/wp\/v2\/users\/1"}],"replies":[{"embeddable":true,"href":"https:\/\/www.amatin.ch\/en\/wp-json\/wp\/v2\/comments?post=1421"}],"version-history":[{"count":1,"href":"https:\/\/www.amatin.ch\/en\/wp-json\/wp\/v2\/posts\/1421\/revisions"}],"predecessor-version":[{"id":5802,"href":"https:\/\/www.amatin.ch\/en\/wp-json\/wp\/v2\/posts\/1421\/revisions\/5802"}],"wp:featuredmedia":[{"embeddable":true,"href":"https:\/\/www.amatin.ch\/en\/wp-json\/wp\/v2\/media\/1005"}],"wp:attachment":[{"href":"https:\/\/www.amatin.ch\/en\/wp-json\/wp\/v2\/media?parent=1421"}],"wp:term":[{"taxonomy":"category","embeddable":true,"href":"https:\/\/www.amatin.ch\/en\/wp-json\/wp\/v2\/categories?post=1421"},{"taxonomy":"post_tag","embeddable":true,"href":"https:\/\/www.amatin.ch\/en\/wp-json\/wp\/v2\/tags?post=1421"}],"curies":[{"name":"wp","href":"https:\/\/api.w.org\/{rel}","templated":true}]}}